{"id":12500,"date":"2021-09-06T23:55:30","date_gmt":"2021-09-06T21:55:30","guid":{"rendered":"https:\/\/www.mladibl.com\/?p=12500"},"modified":"2021-09-06T23:55:31","modified_gmt":"2021-09-06T21:55:31","slug":"svjetski-dan-konfucijevih-instituta","status":"publish","type":"post","link":"https:\/\/www.mladibl.com\/?p=12500","title":{"rendered":"Svjetski dan Konfucijevih instituta"},"content":{"rendered":"\n<p>Konfucijev institut Univerziteta u Banjoj Luci i ove godine \u0107e nizom doga\u0111aja obilje\u017eiti Svjetski dan Konfucijevih instituta, koji se tradicionalno obilje\u017eava tokom septembra.<\/p>\n\n\n\n<p>Ove godine, aktivnosti \u0107e se odr\u017eati u kampusu Univerziteta u Banjoj Luci, Konfu\u010dionici u banjalu\u010dkoj Gimnaziji i Ekonomskoj \u0161koli u Doboju. Pozivamo sve zainteresovane u\u010denike, studente i nastavnike da u\u010destvuju u aktivnostima povodom Svjetskog dana Konfucijevog instituta.<\/p>\n\n\n\n<p>Sve radionice su besplatne i otvorene za javnost.<\/p>\n\n\n\n<figure class=\"wp-block-image size-large\"><img loading=\"lazy\" decoding=\"async\" width=\"800\" height=\"1000\" src=\"http:\/\/www.mladibl.com\/wp-content\/uploads\/2021\/09\/Program-obiljezavanje-Svjetskog-dana-Konfucijevih-instituta.jpg\" alt=\"\" class=\"wp-image-12494\" srcset=\"https:\/\/www.mladibl.com\/wp-content\/uploads\/2021\/09\/Program-obiljezavanje-Svjetskog-dana-Konfucijevih-instituta.jpg 800w, https:\/\/www.mladibl.com\/wp-content\/uploads\/2021\/09\/Program-obiljezavanje-Svjetskog-dana-Konfucijevih-instituta-240x300.jpg 240w, https:\/\/www.mladibl.com\/wp-content\/uploads\/2021\/09\/Program-obiljezavanje-Svjetskog-dana-Konfucijevih-instituta-768x960.jpg 768w\" sizes=\"auto, (max-width: 800px) 100vw, 800px\" \/><\/figure>\n\n\n\n<p>Preuzeto sa: <a href=\"https:\/\/www.instagram.com\/p\/CTeYqqBA07h\/\" target=\"_blank\" rel=\"noreferrer noopener\">Instagram konfucijev_institut<\/a><\/p>\n","protected":false},"excerpt":{"rendered":"<p>Konfucijev institut Univerziteta u Banjoj Luci i ove godine \u0107e nizom doga\u0111aja obilje\u017eiti Svjetski dan Konfucijevih instituta, koji se tradicionalno<\/p>\n","protected":false},"author":1,"featured_media":12493,"comment_status":"closed","ping_status":"open","sticky":false,"template":"","format":"standard","meta":{"om_disable_all_campaigns":false,"_monsterinsights_skip_tracking":false,"_monsterinsights_sitenote_active":false,"_monsterinsights_sitenote_note":"","_monsterinsights_sitenote_category":0,"footnotes":""},"categories":[6],"tags":[865,725],"class_list":["post-12500","post","type-post","status-publish","format-standard","has-post-thumbnail","hentry","category-dogadjaji","tag-konfucijev-institut","tag-svjetski-dan"],"jetpack_featured_media_url":"https:\/\/www.mladibl.com\/wp-content\/uploads\/2021\/09\/Svjetski-dan-Konfucijevih-instituta.jpg","amp_enabled":true,"_links":{"self":[{"href":"https:\/\/www.mladibl.com\/index.php?rest_route=\/wp\/v2\/posts\/12500","targetHints":{"allow":["GET"]}}],"collection":[{"href":"https:\/\/www.mladibl.com\/index.php?rest_route=\/wp\/v2\/posts"}],"about":[{"href":"https:\/\/www.mladibl.com\/index.php?rest_route=\/wp\/v2\/types\/post"}],"author":[{"embeddable":true,"href":"https:\/\/www.mladibl.com\/index.php?rest_route=\/wp\/v2\/users\/1"}],"replies":[{"embeddable":true,"href":"https:\/\/www.mladibl.com\/index.php?rest_route=%2Fwp%2Fv2%2Fcomments&post=12500"}],"version-history":[{"count":1,"href":"https:\/\/www.mladibl.com\/index.php?rest_route=\/wp\/v2\/posts\/12500\/revisions"}],"predecessor-version":[{"id":12501,"href":"https:\/\/www.mladibl.com\/index.php?rest_route=\/wp\/v2\/posts\/12500\/revisions\/12501"}],"wp:featuredmedia":[{"embeddable":true,"href":"https:\/\/www.mladibl.com\/index.php?rest_route=\/wp\/v2\/media\/12493"}],"wp:attachment":[{"href":"https:\/\/www.mladibl.com\/index.php?rest_route=%2Fwp%2Fv2%2Fmedia&parent=12500"}],"wp:term":[{"taxonomy":"category","embeddable":true,"href":"https:\/\/www.mladibl.com\/index.php?rest_route=%2Fwp%2Fv2%2Fcategories&post=12500"},{"taxonomy":"post_tag","embeddable":true,"href":"https:\/\/www.mladibl.com\/index.php?rest_route=%2Fwp%2Fv2%2Ftags&post=12500"}],"curies":[{"name":"wp","href":"https:\/\/api.w.org\/{rel}","templated":true}]}}