{"id":1244,"date":"2020-04-16T18:29:43","date_gmt":"2020-04-16T16:29:43","guid":{"rendered":"http:\/\/www.mladibl.com\/?p=1244"},"modified":"2020-04-16T18:29:52","modified_gmt":"2020-04-16T16:29:52","slug":"stab-za-vanredne-situacije-potreban-maksimalan-oprez-i-postovanje-nalozenih-mjera","status":"publish","type":"post","link":"https:\/\/www.mladibl.com\/?p=1244","title":{"rendered":"\u0160tab za vanredne situacije: Potreban maksimalan oprez i po\u0161tovanje nalo\u017eenih mjera"},"content":{"rendered":"\n<p>Gradski \u0160tab za vanredne situacije saop\u0161tio je danas da broj pozitivnih na korona virus u Banjoj Luci blago opada na dnevnom nivou, te da je smanjen i broj ljudi u izolaciji, ali da je i dalje potreban maksimalan oprez, pogotovo tokom predstoje\u0107ih vaskr\u0161njih praznika.<\/p>\n\n\n\n<p>Gradona\u010delnik Igor Radoji\u010di\u0107 je izjavio da ima razloga za blagi optimizam, ali i upozorio da je u Banjoj Luci ju\u010de preminuo mu\u0161karac srednje \u017eivotne dobi, a da su prethodno premiunuli i njegovi roditelji, svi od posljedica korona virusa.<\/p>\n\n\n\n<p>Bolest je tu pored nas, ne doga\u0111a se nekom drugom, ve\u0107 na\u0161im kom\u0161ijama i prijateljima i zato molim gra\u0111ane za maksimalan oprez i po\u0161tovanje svih donesenih mjera kojima \u017eelimo da sa\u010duvamo ljudske \u017eivote \u2013 rekao je Radoji\u010di\u0107.<\/p>\n\n\n\n<p>On je naglasio da Grad Banja Luka prati mjere Republi\u010dkog \u0161taba za vanredne situacije i da ne mo\u017ee biti nikakvih izuzetaka od mjera koje su ju\u010de donesene, a ti\u010du se perioda vaskr\u0161njih praznika.<\/p>\n\n\n\n<p>Naredni dani bi\u0107e izazovni za sve nas i potrebno je da se disciplinovano dr\u017eimo mjera. O novim mjerama razgovara\u0107emo idu\u0107e sedmice kada budemo imali konkretne podatke i sliku stanja nakon Vaskrsa. Najavljujemo poja\u010danu kontrolu rada trgovinskih subjekata, odnosno mjera koje su nalo\u017eene. Sve one koji ne budu po\u0161tovali propisane mjere \u2013 zatvori\u0107emo \u2013 naglasio je gradona\u010delnik.<\/p>\n\n\n\n<p>Radoji\u010di\u0107 je podsjetio da je od danas na snazi javni poziv za sve poslovne subjekte koji mogu da se prijave za ostvarivanje subvencija i olak\u0161ica na koje imaju pravo po odlukama Skup\u0161tine grada, a da \u0107e u utorak, 21. aprila, biti objavljen poziv za podsticaje u poljoprivredi.<\/p>\n\n\n\n<p>Iz Doma zdravlja je saop\u0161teno da su u Banjoj Luci, do sada, registrovane 282 osobe pozitivne na korona virus.<\/p>\n\n\n\n<p>Obavje\u0161tavamo gra\u0111ane da \u0107e, tokom vaskr\u0161njih praznika, na\u0161e slu\u017ebe raditi uobi\u010dajeno u ambulantama u Ulici vladike Platona i na Poliklinici, kao i ambulanta za akutno-respiratorne infekcije tako\u0111e na Poliklinici. Pedijatrijska ambulanta \u0107e raditi u petak, subotu i ponedjeljak, dok \u0107e u nedjelju djecu pregledati timovi porodi\u010dne medicine. Slu\u017eba hitne pomo\u0107i \u0107e raditi 24 \u010dasa prema uobi\u010dajenom re\u017eimu rada, te hitna stomatolo\u0161ka ambulanta i laboratorija u Hitnoj pomo\u0107i \u2013 rekla je direktor Doma zdravlja Banja Luka, Nevena Todorovi\u0107.<\/p>\n\n\n\n<p>Prema njenim rije\u010dima, ministar zdravlja je izdao nalog da se na prisustvo korona virusa testiraju svi pacijenti koji budu prijavljeni u ambulanti za akutno-respiratorne infekcije, zatim svi zdravstveni radnici koji su bili u visokom riziku od zaraze i njegovatelji koji rade u centrima za smej\u0161taj starih lica, kao i radnici koji rade na kasama u ve\u0107im tr\u017enim centrima.<\/p>\n\n\n\n<p>Preuzezo sa: <a href=\"http:\/\/www.banjaluka.rs.ba\/%d1%88%d1%82%d0%b0%d0%b1-%d0%b7%d0%b0-%d0%b2%d0%b0%d0%bd%d1%80%d0%b5%d0%b4%d0%bd%d0%b5-%d1%81%d0%b8%d1%82%d1%83%d0%b0%d1%86%d0%b8%d1%98%d0%b5-%d0%bf%d0%be%d1%82%d1%80%d0%b5%d0%b1%d0%b0%d0%bd-%d0%bc\/\" target=\"_blank\" rel=\"noreferrer noopener\" aria-label=\"Grad Banja Luka (opens in a new tab)\">Grad Banja Luka<\/a><\/p>\n","protected":false},"excerpt":{"rendered":"<p>Gradski \u0160tab za vanredne situacije saop\u0161tio je danas da broj pozitivnih na korona virus u Banjoj Luci blago opada na<\/p>\n","protected":false},"author":1,"featured_media":1245,"comment_status":"closed","ping_status":"open","sticky":false,"template":"","format":"standard","meta":{"om_disable_all_campaigns":false,"_monsterinsights_skip_tracking":false,"_monsterinsights_sitenote_active":false,"_monsterinsights_sitenote_note":"","_monsterinsights_sitenote_category":0,"footnotes":""},"categories":[2],"tags":[53,375,400],"class_list":["post-1244","post","type-post","status-publish","format-standard","has-post-thumbnail","hentry","category-vijesti","tag-banja-luka","tag-stab","tag-vanredna-situacija"],"jetpack_featured_media_url":"https:\/\/www.mladibl.com\/wp-content\/uploads\/2020\/04\/\u0160tab-za-vanredne-situacije-Potreban-maksimalan-oprez-i-po\u0161tovanje-nalo\u017eenih-mjera.jpg","amp_enabled":true,"_links":{"self":[{"href":"https:\/\/www.mladibl.com\/index.php?rest_route=\/wp\/v2\/posts\/1244","targetHints":{"allow":["GET"]}}],"collection":[{"href":"https:\/\/www.mladibl.com\/index.php?rest_route=\/wp\/v2\/posts"}],"about":[{"href":"https:\/\/www.mladibl.com\/index.php?rest_route=\/wp\/v2\/types\/post"}],"author":[{"embeddable":true,"href":"https:\/\/www.mladibl.com\/index.php?rest_route=\/wp\/v2\/users\/1"}],"replies":[{"embeddable":true,"href":"https:\/\/www.mladibl.com\/index.php?rest_route=%2Fwp%2Fv2%2Fcomments&post=1244"}],"version-history":[{"count":1,"href":"https:\/\/www.mladibl.com\/index.php?rest_route=\/wp\/v2\/posts\/1244\/revisions"}],"predecessor-version":[{"id":1246,"href":"https:\/\/www.mladibl.com\/index.php?rest_route=\/wp\/v2\/posts\/1244\/revisions\/1246"}],"wp:featuredmedia":[{"embeddable":true,"href":"https:\/\/www.mladibl.com\/index.php?rest_route=\/wp\/v2\/media\/1245"}],"wp:attachment":[{"href":"https:\/\/www.mladibl.com\/index.php?rest_route=%2Fwp%2Fv2%2Fmedia&parent=1244"}],"wp:term":[{"taxonomy":"category","embeddable":true,"href":"https:\/\/www.mladibl.com\/index.php?rest_route=%2Fwp%2Fv2%2Fcategories&post=1244"},{"taxonomy":"post_tag","embeddable":true,"href":"https:\/\/www.mladibl.com\/index.php?rest_route=%2Fwp%2Fv2%2Ftags&post=1244"}],"curies":[{"name":"wp","href":"https:\/\/api.w.org\/{rel}","templated":true}]}}