{"id":1235,"date":"2020-04-16T18:20:20","date_gmt":"2020-04-16T16:20:20","guid":{"rendered":"http:\/\/www.mladibl.com\/?p=1235"},"modified":"2020-04-16T18:20:22","modified_gmt":"2020-04-16T16:20:22","slug":"raspisan-javni-poziv-za-olaksice-ovdje-mozete-preuzeti-obrasce","status":"publish","type":"post","link":"https:\/\/www.mladibl.com\/?p=1235","title":{"rendered":"Raspisan javni poziv za olak\u0161ice (ovdje mo\u017eete preuzeti obrasce)"},"content":{"rendered":"\n<p>Grad Banja Luka pozvao je poslovne subjekte da se prijave za olak\u0161ice koje je Grad definisao kroz set ekonomskih mjera kako bi se olak\u0161ala te\u0161ka situacija izazvana pojavom korona virusa. Rije\u010d je o prvom setu mjera za ubla\u017eavanje ekonomskih posljedica, ukupne finansijske vrijednosti izme\u0111u osam i deset miliona KM.<\/p>\n\n\n\n<p>Javni poziv poslovnim subjektima u gradu za ubla\u017eavanje ekonomskih posljedica nastalih usljed pojave korona virusa, koje je Grad danas raspisao, odnosi se na:<\/p>\n\n\n\n<ul class=\"wp-block-list\"><li>dodjelu subvencija poslovnim subjektima za iznos:<\/li><\/ul>\n\n\n\n<p>\u2013 komunalne takse za isticanje poslovnog imena,<\/p>\n\n\n\n<p>\u2013 naknade za zauzimanje javne povr\u0161ine i<\/p>\n\n\n\n<p>\u2013 redovne kamate na kredite;<\/p>\n\n\n\n<ul class=\"wp-block-list\"><li>odobravanje zastoja (moratorijuma) u otplati duga poslovnim subjektima i<\/li><li>osloba\u0111anje pla\u0107anja zakupnine zakupcima poslovnih prostorija koji su u ugovornom odnosu sa Gradom.<\/li><\/ul>\n\n\n\n<p>Pravo na subvenciju za iznos komunalne takse za isticanje poslovnog imena ostvaruju obveznici kojima je zabranjeno, ograni\u010deno ili ote\u017eano obavljanje djelatnost za alikvotni dio komunalne takse za mjesece mart, april i maj 2020. godine, u visini njihove obaveze, i to:<\/p>\n\n\n\n<ul class=\"wp-block-list\"><li>poslovni subjekti kojima je zabranjen rad \u2013 100% iznosa alikvotnog dijela komunalne takse i<\/li><li>poslovni subjekti kojima je rad ograni\u010den ili ote\u017eano obavljanje djelatnosti \u2013 50% od iznosa alikvotnog dijela komunalne takse.<\/li><\/ul>\n\n\n\n<p>Prijava se podnosi Odjeljenju za privredu, a krajnji rok za podno\u0161enje prijava je 31. decembar 2020. godine.<\/p>\n\n\n\n<p>Pravo na subvenciju naknade za zauzimanje javne povr\u0161ine ostvaruju obveznici kojima je zabranjen ili ograni\u010den rad, za period mart, april i maj 2020. godine, u visini njihove  obaveze, i to:<\/p>\n\n\n\n<ul class=\"wp-block-list\"><li>poslovni subjekti kojima je rad zabranjen u iznosu od 100% za mjesece mart, april i maj 2020. godine i<\/li><li>poslovni subjekti kojima je rad ograni\u010den u iznosu od 50% za mjesece mart, april i maj 2020. godine.<\/li><\/ul>\n\n\n\n<p>Prijava se podnosi Odjeljenju za komunalne poslove, a krajnji rok za podno\u0161enje prijava je 31. decembar 2020. godine.<\/p>\n\n\n\n<p>Subvencija iznosa redovne kamate na kredite mo\u017ee se odobriti poslovnim subjektima, koji ispunjavaju op\u0161te uslove i ako su kumulativno ispunjeni sljede\u0107i posebni uslovi:<\/p>\n\n\n\n<ul class=\"wp-block-list\"><li>namjena kredita je finansiranje obrtnih ili osnovnih sredstava, za likvidnost ili za refinansiranje kredita po navedenim osnovama;<\/li><li>iznos kredita nije ve\u0107i od 50.000 KM;<\/li><li>ugovor o kreditu je zaklju\u010den nakon 12.04.2020. godine;<\/li><li>rok otplate kredita nije du\u017ei od tri godine.<\/li><\/ul>\n\n\n\n<p>Subvencija se daje:<\/p>\n\n\n\n<ul class=\"wp-block-list\"><li>ako je kamatna stopa do 3,5% na ugovoreni iznos kredita \u2013 za cjelokupan iznos redovne kamate;<\/li><li>ako je kamatna stopa ve\u0107a od 3,5% na ugovoreni iznos kredita, uklju\u010duju\u0107i i promjenjivu kamatnu stopu \u2013 za dio redovne kamate obra\u010dunate po stopi od 3,5% na ugovoreni iznos kredita, a preostalu razliku tro\u0161kova kamate pla\u0107a korisnik subvencije.<\/li><\/ul>\n\n\n\n<p>Prijava se podnosi Odjeljenju za privredu, a krajnji rok za podno\u0161enje prijava je 31.decembar 2020. godine.<\/p>\n\n\n\n<p>Odobravanje zastoja (moratorijuma) u otplati duga se odnosi na ve\u0107 zaklju\u010dene ugovore i sporazume o vansudskim i sudskim poravnanjima o odgo\u0111enom pla\u0107anju duga po osnovu taksi, naknada i drugog duga, a po kojima su poslovni subjekti du\u017eni da plate dug u korist bud\u017eeta Grada.<\/p>\n\n\n\n<p>Prijave se podnose Odjeljenju za finansije do 30. juna 2020. godine. O podnesenim prijavama se odlu\u010duje na kraju svakog mjeseca, sve do isteka krajnjeg roka.<\/p>\n\n\n\n<p>Pravo na osloba\u0111anje pla\u0107anja zakupnine imaju zakupci koji su u ugovornom odnosu sa Gradom po osnovu ugovora o komercijalnom zakupu, a kojima je naredbama \u0160taba za vanredne situacije grada, zabranjen rad ili ograni\u010deno radno vrijeme i  zakupci koji imaju zaklju\u010den ugovor o zakupu poslovnih prostorija pod posebnim uslovima. Odnosno, komercijalni zakupci, kojima je prete\u017ena djelatnost obuhva\u0107ena zabranom rada tim naredbama \u2013 za tri mjeseca 2020. godine; komercijalni zakupci, kojima je prete\u017ena djelatnost obuhva\u0107ena ograni\u010denjem trajanja radnog vremena \u2013 za dva mjeseca 2020. godine i zakupci pod posebnim uslovima \u2013 za tri mjeseca 2020. godine.<\/p>\n\n\n\n<p>Prijava se podnosi Odjeljenju za lokalni ekonomski razvoj i strate\u0161ko planiranje do 31. decembra 2020. godine.<\/p>\n\n\n\n<p>Kompletan javni poziv i sve obrasce mo\u017eete preuzeti <strong><a href=\"http:\/\/www.banjaluka.rs.ba\/javne_nabavke\/%d1%98%d0%b0%d0%b2%d0%bd%d0%b8-%d0%bf%d0%be%d0%b7%d0%b8%d0%b2-%d0%bf%d0%be%d1%81%d0%bb%d0%be%d0%b2%d0%bd%d0%b8%d0%bc-%d1%81%d1%83%d0%b1%d1%98%d0%b5%d0%ba%d1%82%d0%b8%d0%bc%d0%b0-%d1%83-%d0%b3%d1%80\/?sr_pismo=cir\" target=\"_blank\" rel=\"noreferrer noopener\" aria-label=\"ovdje (opens in a new tab)\">ovdje<\/a><\/strong>.<\/p>\n\n\n\n<p>Preuzeto sa: <a href=\"http:\/\/www.banjaluka.rs.ba\/%d1%80%d0%b0%d1%81%d0%bf%d0%b8%d1%81%d0%b0%d0%bd-%d1%98%d0%b0%d0%b2%d0%bd%d0%b8-%d0%bf%d0%be%d0%b7%d0%b8%d0%b2-%d0%b7%d0%b0-%d0%be%d0%bb%d0%b0%d0%ba%d1%88%d0%b8%d1%86%d0%b5-%d0%be%d0%b2%d0%b4%d1%98\/\" target=\"_blank\" rel=\"noreferrer noopener\" aria-label=\"Grad Banja Luka (opens in a new tab)\">Grad Banja Luka<\/a><\/p>\n","protected":false},"excerpt":{"rendered":"<p>Grad Banja Luka pozvao je poslovne subjekte da se prijave za olak\u0161ice koje je Grad definisao kroz set ekonomskih mjera<\/p>\n","protected":false},"author":1,"featured_media":1236,"comment_status":"closed","ping_status":"open","sticky":false,"template":"","format":"standard","meta":{"om_disable_all_campaigns":false,"_monsterinsights_skip_tracking":false,"_monsterinsights_sitenote_active":false,"_monsterinsights_sitenote_note":"","_monsterinsights_sitenote_category":0,"footnotes":""},"categories":[2],"tags":[53,218,530],"class_list":["post-1235","post","type-post","status-publish","format-standard","has-post-thumbnail","hentry","category-vijesti","tag-banja-luka","tag-javni-poziv","tag-olaksice"],"jetpack_featured_media_url":"https:\/\/www.mladibl.com\/wp-content\/uploads\/2020\/04\/Raspisan-javni-poziv-za-olak\u0161ice-ovdje-mo\u017eete-preuzeti-obrasce.jpg","amp_enabled":true,"_links":{"self":[{"href":"https:\/\/www.mladibl.com\/index.php?rest_route=\/wp\/v2\/posts\/1235","targetHints":{"allow":["GET"]}}],"collection":[{"href":"https:\/\/www.mladibl.com\/index.php?rest_route=\/wp\/v2\/posts"}],"about":[{"href":"https:\/\/www.mladibl.com\/index.php?rest_route=\/wp\/v2\/types\/post"}],"author":[{"embeddable":true,"href":"https:\/\/www.mladibl.com\/index.php?rest_route=\/wp\/v2\/users\/1"}],"replies":[{"embeddable":true,"href":"https:\/\/www.mladibl.com\/index.php?rest_route=%2Fwp%2Fv2%2Fcomments&post=1235"}],"version-history":[{"count":1,"href":"https:\/\/www.mladibl.com\/index.php?rest_route=\/wp\/v2\/posts\/1235\/revisions"}],"predecessor-version":[{"id":1237,"href":"https:\/\/www.mladibl.com\/index.php?rest_route=\/wp\/v2\/posts\/1235\/revisions\/1237"}],"wp:featuredmedia":[{"embeddable":true,"href":"https:\/\/www.mladibl.com\/index.php?rest_route=\/wp\/v2\/media\/1236"}],"wp:attachment":[{"href":"https:\/\/www.mladibl.com\/index.php?rest_route=%2Fwp%2Fv2%2Fmedia&parent=1235"}],"wp:term":[{"taxonomy":"category","embeddable":true,"href":"https:\/\/www.mladibl.com\/index.php?rest_route=%2Fwp%2Fv2%2Fcategories&post=1235"},{"taxonomy":"post_tag","embeddable":true,"href":"https:\/\/www.mladibl.com\/index.php?rest_route=%2Fwp%2Fv2%2Ftags&post=1235"}],"curies":[{"name":"wp","href":"https:\/\/api.w.org\/{rel}","templated":true}]}}