{"id":12132,"date":"2021-08-26T08:45:52","date_gmt":"2021-08-26T06:45:52","guid":{"rendered":"https:\/\/www.mladibl.com\/?p=12132"},"modified":"2021-08-26T08:45:54","modified_gmt":"2021-08-26T06:45:54","slug":"stipendije-fondacije-konrad-adenauer-za-akademsku-2021-22-godinu","status":"publish","type":"post","link":"https:\/\/www.mladibl.com\/?p=12132","title":{"rendered":"Stipendije Fondacije &#8220;Konrad Adenauer&#8221; za akademsku 2021\/22. godinu"},"content":{"rendered":"\n<p>Predstavni\u0161tvo u Bosni i Hercegovini Fondacije &#8220;Konrad Adenauer&#8221; raspisalo je konkurs za dodjelu stipendija studentima prve i druge godine master studija u akademskoj 2021\/22. godini.<\/p>\n\n\n\n<p>Pravo na dodjelu stipendija imaju dr\u017eavljani Bosne i Hercegovine, ne stariji od 30 godina, redovni studenti na 1. ili 2. godini drugog ciklusa \/ 4. ili 5. godine studija (sve studijske grupe) na nekom od univerziteta u BiH, koji su volonterski anga\u017eovani u bosanskohercegova\u010dkom dru\u0161tvu i imaju prosjek ocjena najmanje 8,00 odnosno 3,5 (svi ispiti uklju\u0107uju\u0107i i prvi ciklus).<\/p>\n\n\n\n<p>Stipendiranje obuhvata nov\u010danu stipendiju u visini od 320 KM mjese\u010dno za jedan semestar uz mogu\u0107nost produ\u017eenja na cijelu akademsku godinu, kao i prate\u0107i program za stipendiste.<\/p>\n\n\n\n<p>Aplikacije se dostavljaju u elektronskoj formi kao JEDAN dokument u pdf-formatu na sljede\u0107i e-mail: sarajevo@kas.de, a dokumentacija dostavljena u druga\u010dijem formatu ne\u0107e biti uzimana u razmatranje.<\/p>\n\n\n\n<p>Iz Fondacije napominju da biv\u0161i stipendisti*ce Fondacije Konrad Adenauer nemaju pravo prijave.<\/p>\n\n\n\n<p>Konkurs ostaje otvoren do 1. oktobra 2021. godine, a za vi\u0161e detalja <strong><a href=\"http:\/\/www.stipendije.ba\/stipendija\/konkurs-fondacije-konrad-adenauer-za-dodjelu-stipendija-studentima-master-studija-u-ak-2021-22-godini\" target=\"_blank\" rel=\"noreferrer noopener\">Konkurs Fondacije Konrad Adenauer za dodjelu stipendija studentima master studija u ak. 2021\/21. godini.<\/a><\/strong><\/p>\n\n\n\n<p>Preuzeto sa: <a href=\"http:\/\/www.stipendije.ba\/novost\/stipendije-fondacije-konrad-adenauer-za-akademsku-2021-22-godinu\" target=\"_blank\" rel=\"noreferrer noopener\">stipendije.ba<\/a><\/p>\n","protected":false},"excerpt":{"rendered":"<p>Predstavni\u0161tvo u Bosni i Hercegovini Fondacije &#8220;Konrad Adenauer&#8221; raspisalo je konkurs za dodjelu stipendija studentima prve i druge godine master<\/p>\n","protected":false},"author":1,"featured_media":12119,"comment_status":"closed","ping_status":"open","sticky":false,"template":"","format":"standard","meta":{"om_disable_all_campaigns":false,"_monsterinsights_skip_tracking":false,"_monsterinsights_sitenote_active":false,"_monsterinsights_sitenote_note":"","_monsterinsights_sitenote_category":0,"footnotes":""},"categories":[5],"tags":[695,6078,60],"class_list":["post-12132","post","type-post","status-publish","format-standard","has-post-thumbnail","hentry","category-stipendije","tag-fondacija","tag-konrad-adenauer","tag-stipendije"],"jetpack_featured_media_url":"https:\/\/www.mladibl.com\/wp-content\/uploads\/2021\/08\/Fondacija-Konrad-Adenauer.jpg","amp_enabled":true,"_links":{"self":[{"href":"https:\/\/www.mladibl.com\/index.php?rest_route=\/wp\/v2\/posts\/12132","targetHints":{"allow":["GET"]}}],"collection":[{"href":"https:\/\/www.mladibl.com\/index.php?rest_route=\/wp\/v2\/posts"}],"about":[{"href":"https:\/\/www.mladibl.com\/index.php?rest_route=\/wp\/v2\/types\/post"}],"author":[{"embeddable":true,"href":"https:\/\/www.mladibl.com\/index.php?rest_route=\/wp\/v2\/users\/1"}],"replies":[{"embeddable":true,"href":"https:\/\/www.mladibl.com\/index.php?rest_route=%2Fwp%2Fv2%2Fcomments&post=12132"}],"version-history":[{"count":1,"href":"https:\/\/www.mladibl.com\/index.php?rest_route=\/wp\/v2\/posts\/12132\/revisions"}],"predecessor-version":[{"id":12133,"href":"https:\/\/www.mladibl.com\/index.php?rest_route=\/wp\/v2\/posts\/12132\/revisions\/12133"}],"wp:featuredmedia":[{"embeddable":true,"href":"https:\/\/www.mladibl.com\/index.php?rest_route=\/wp\/v2\/media\/12119"}],"wp:attachment":[{"href":"https:\/\/www.mladibl.com\/index.php?rest_route=%2Fwp%2Fv2%2Fmedia&parent=12132"}],"wp:term":[{"taxonomy":"category","embeddable":true,"href":"https:\/\/www.mladibl.com\/index.php?rest_route=%2Fwp%2Fv2%2Fcategories&post=12132"},{"taxonomy":"post_tag","embeddable":true,"href":"https:\/\/www.mladibl.com\/index.php?rest_route=%2Fwp%2Fv2%2Ftags&post=12132"}],"curies":[{"name":"wp","href":"https:\/\/api.w.org\/{rel}","templated":true}]}}