{"id":12130,"date":"2021-08-26T08:43:27","date_gmt":"2021-08-26T06:43:27","guid":{"rendered":"https:\/\/www.mladibl.com\/?p=12130"},"modified":"2021-08-26T08:43:28","modified_gmt":"2021-08-26T06:43:28","slug":"prijaviti-se-za-kreativno-digitalno-ucenje","status":"publish","type":"post","link":"https:\/\/www.mladibl.com\/?p=12130","title":{"rendered":"Prijaviti se za kreativno digitalno u\u010denje"},"content":{"rendered":"\n<p>Kreativne ve\u0161tine putem digitalnog u\u010denja su besplatne mjese\u010dne radionice koje se odr\u017eavaju u periodu od jula do decembra 2021. za omladinske radnike i zainteresovane za omladinski rad!<\/p>\n\n\n\n<p>OBLAST: Omladinski rad<\/p>\n\n\n\n<p>OPIS: Raspored:<\/p>\n\n\n\n<ol class=\"wp-block-list\" start=\"20\"><li>jul \u2013 uvod u RESOLVE: Mre\u017ea, pripovijedanje i digitalno pripovijedanje i digitalni alati za kreativne rezultate<\/li><li>septembar \u2013 uvod u ciljeve odr\u017eivog razvoja<\/li><li>oktobar \u2013 uvod u klimatske promene i energetsko siroma\u0161tvo<\/li><li>novembar \u2013 uvod u ve\u0161tine socijalnog preduzec\u0301a i dru\u0161tvene akcije<\/li><li>decembar \u2013 uvod u e -\u010dasopis<\/li><\/ol>\n\n\n\n<p>Specijalna radionica \u2013 digitalno pripovijedanje i alati za kreativne rezultate<\/p>\n\n\n\n<p>USLOVI: Mogu se prijaviti svi zainteresovani<\/p>\n\n\n\n<p>NA\u010cIN PRIJAVE: Mo\u017eete se prijaviti putem <strong><a href=\"https:\/\/www.salto-youth.net\/tools\/european-training-calendar\/application-procedure\/10371\/application\/\" target=\"_blank\" rel=\"noreferrer noopener\">linka<\/a><\/strong><\/p>\n\n\n\n<p>ROK ZA PRIJAVU: 03.09.2021.godine<\/p>\n\n\n\n<p>Detaljnije na: <strong><a href=\"https:\/\/www.salto-youth.net\/tools\/european-training-calendar\/training\/creative-digital-learning.9601\/\" target=\"_blank\" rel=\"noreferrer noopener\">https:\/\/www.salto-youth.net\/tools\/european-training-calendar\/training\/creative-digital-learning.9601\/<\/a><\/strong><\/p>\n\n\n\n<p>Preuzeto sa: <a href=\"https:\/\/mladiinfo.me\/prijaviti-se-za-kreativno-digitalno-ucenje\/\" target=\"_blank\" rel=\"noreferrer noopener\">mladiinfo.me<\/a><\/p>\n","protected":false},"excerpt":{"rendered":"<p>Kreativne ve\u0161tine putem digitalnog u\u010denja su besplatne mjese\u010dne radionice koje se odr\u017eavaju u periodu od jula do decembra 2021. za<\/p>\n","protected":false},"author":1,"featured_media":12121,"comment_status":"closed","ping_status":"open","sticky":false,"template":"","format":"standard","meta":{"om_disable_all_campaigns":false,"_monsterinsights_skip_tracking":false,"_monsterinsights_sitenote_active":false,"_monsterinsights_sitenote_note":"","_monsterinsights_sitenote_category":0,"footnotes":""},"categories":[4],"tags":[2687,5091,142,2464],"class_list":["post-12130","post","type-post","status-publish","format-standard","has-post-thumbnail","hentry","category-edukacija","tag-digitalno","tag-kreativno","tag-omladinski-rad","tag-ucenje"],"jetpack_featured_media_url":"https:\/\/www.mladibl.com\/wp-content\/uploads\/2021\/08\/Prijaviti-se-za-kreativno-digitalno-ucenje.jpg","amp_enabled":true,"_links":{"self":[{"href":"https:\/\/www.mladibl.com\/index.php?rest_route=\/wp\/v2\/posts\/12130","targetHints":{"allow":["GET"]}}],"collection":[{"href":"https:\/\/www.mladibl.com\/index.php?rest_route=\/wp\/v2\/posts"}],"about":[{"href":"https:\/\/www.mladibl.com\/index.php?rest_route=\/wp\/v2\/types\/post"}],"author":[{"embeddable":true,"href":"https:\/\/www.mladibl.com\/index.php?rest_route=\/wp\/v2\/users\/1"}],"replies":[{"embeddable":true,"href":"https:\/\/www.mladibl.com\/index.php?rest_route=%2Fwp%2Fv2%2Fcomments&post=12130"}],"version-history":[{"count":1,"href":"https:\/\/www.mladibl.com\/index.php?rest_route=\/wp\/v2\/posts\/12130\/revisions"}],"predecessor-version":[{"id":12131,"href":"https:\/\/www.mladibl.com\/index.php?rest_route=\/wp\/v2\/posts\/12130\/revisions\/12131"}],"wp:featuredmedia":[{"embeddable":true,"href":"https:\/\/www.mladibl.com\/index.php?rest_route=\/wp\/v2\/media\/12121"}],"wp:attachment":[{"href":"https:\/\/www.mladibl.com\/index.php?rest_route=%2Fwp%2Fv2%2Fmedia&parent=12130"}],"wp:term":[{"taxonomy":"category","embeddable":true,"href":"https:\/\/www.mladibl.com\/index.php?rest_route=%2Fwp%2Fv2%2Fcategories&post=12130"},{"taxonomy":"post_tag","embeddable":true,"href":"https:\/\/www.mladibl.com\/index.php?rest_route=%2Fwp%2Fv2%2Ftags&post=12130"}],"curies":[{"name":"wp","href":"https:\/\/api.w.org\/{rel}","templated":true}]}}