{"id":12105,"date":"2021-08-25T08:38:52","date_gmt":"2021-08-25T06:38:52","guid":{"rendered":"https:\/\/www.mladibl.com\/?p=12105"},"modified":"2021-08-25T08:38:53","modified_gmt":"2021-08-25T06:38:53","slug":"unfpa-trazi-2-strucnjaka-za-mentalno-zdravlje-i-psiho-socijalnu-podrsku","status":"publish","type":"post","link":"https:\/\/www.mladibl.com\/?p=12105","title":{"rendered":"UNFPA tra\u017ei 2 stru\u010dnjaka za mentalno zdravlje i psiho-socijalnu podr\u0161ku"},"content":{"rendered":"\n<p>Pozivaju se zainteresovani kandidati da podnesu svoju prijavu (CV i motivaciono pismo) putem e-po\u0161te: <strong><a href=\"mailto:bosnia-herzegovina.office@unfpa.org\" target=\"_blank\" rel=\"noreferrer noopener\">bosnia-herzegovina.office@unfpa.org<\/a><\/strong> do 3. septembra 2021.<\/p>\n\n\n\n<p>Vi\u0161e informacija na: <strong><a href=\"https:\/\/ba.unfpa.org\/sites\/default\/files\/vacancies\/mhpss_expert_una_sana_canton.pdf\" target=\"_blank\" rel=\"noreferrer noopener\">https:\/\/ba.unfpa.org\/sites\/default\/files\/vacancies\/mhpss_expert_una_sana_canton.pdf<\/a><\/strong><\/p>\n\n\n\n<p>Preuzeto sa: <a href=\"https:\/\/twitter.com\/UNFPABiH\/status\/1430143402855837696?s=09\" target=\"_blank\" rel=\"noreferrer noopener\">Twitter UNFPA<\/a><\/p>\n","protected":false},"excerpt":{"rendered":"<p>Pozivaju se zainteresovani kandidati da podnesu svoju prijavu (CV i motivaciono pismo) putem e-po\u0161te: bosnia-herzegovina.office@unfpa.org do 3. septembra 2021. Vi\u0161e<\/p>\n","protected":false},"author":1,"featured_media":12078,"comment_status":"closed","ping_status":"open","sticky":false,"template":"","format":"standard","meta":{"om_disable_all_campaigns":false,"_monsterinsights_skip_tracking":false,"_monsterinsights_sitenote_active":false,"_monsterinsights_sitenote_note":"","_monsterinsights_sitenote_category":0,"footnotes":""},"categories":[8],"tags":[1601,526,6068,6067,2061],"class_list":["post-12105","post","type-post","status-publish","format-standard","has-post-thumbnail","hentry","category-zaposljavanje","tag-mentalno-zdravlje","tag-podrska","tag-psiho-socijalna","tag-strucnjaci-2","tag-unfpa"],"jetpack_featured_media_url":"https:\/\/www.mladibl.com\/wp-content\/uploads\/2021\/08\/UNFPA-trazi-2-strucnjaka-za-mentalno-zdravlje-i-psiho-socijalnu-podrsku.jpg","amp_enabled":true,"_links":{"self":[{"href":"https:\/\/www.mladibl.com\/index.php?rest_route=\/wp\/v2\/posts\/12105","targetHints":{"allow":["GET"]}}],"collection":[{"href":"https:\/\/www.mladibl.com\/index.php?rest_route=\/wp\/v2\/posts"}],"about":[{"href":"https:\/\/www.mladibl.com\/index.php?rest_route=\/wp\/v2\/types\/post"}],"author":[{"embeddable":true,"href":"https:\/\/www.mladibl.com\/index.php?rest_route=\/wp\/v2\/users\/1"}],"replies":[{"embeddable":true,"href":"https:\/\/www.mladibl.com\/index.php?rest_route=%2Fwp%2Fv2%2Fcomments&post=12105"}],"version-history":[{"count":1,"href":"https:\/\/www.mladibl.com\/index.php?rest_route=\/wp\/v2\/posts\/12105\/revisions"}],"predecessor-version":[{"id":12106,"href":"https:\/\/www.mladibl.com\/index.php?rest_route=\/wp\/v2\/posts\/12105\/revisions\/12106"}],"wp:featuredmedia":[{"embeddable":true,"href":"https:\/\/www.mladibl.com\/index.php?rest_route=\/wp\/v2\/media\/12078"}],"wp:attachment":[{"href":"https:\/\/www.mladibl.com\/index.php?rest_route=%2Fwp%2Fv2%2Fmedia&parent=12105"}],"wp:term":[{"taxonomy":"category","embeddable":true,"href":"https:\/\/www.mladibl.com\/index.php?rest_route=%2Fwp%2Fv2%2Fcategories&post=12105"},{"taxonomy":"post_tag","embeddable":true,"href":"https:\/\/www.mladibl.com\/index.php?rest_route=%2Fwp%2Fv2%2Ftags&post=12105"}],"curies":[{"name":"wp","href":"https:\/\/api.w.org\/{rel}","templated":true}]}}