{"id":11915,"date":"2021-08-19T00:12:36","date_gmt":"2021-08-18T22:12:36","guid":{"rendered":"https:\/\/www.mladibl.com\/?p=11915"},"modified":"2021-08-19T00:12:38","modified_gmt":"2021-08-18T22:12:38","slug":"takmicenje-mladih-novinara-i-novinarki","status":"publish","type":"post","link":"https:\/\/www.mladibl.com\/?p=11915","title":{"rendered":"Takmi\u010denje mladih novinara i novinarki"},"content":{"rendered":"\n<p>Za u\u010de\u0161\u0107e u programu bit \u0107e izabrano 10 timova od po tri novinara\/ke iz zemalja Zapadnog Balkana.<\/p>\n\n\n\n<p>U okviru programa \u201cMedia for All\u201d otvorene su prijave za takmi\u010denje mladih novinara i novinarki koji obra\u0111uju teme koje se bave mladima. Program nudi stipendije, mentorstvo i profesionalno usmjeravanje, kao i promociju medijskog sadr\u017eaja produciranog u okviru ovog programa.<\/p>\n\n\n\n<p>Na takmi\u010denje se mogu prijaviti novinarski timovi iz razli\u010ditih zemalja Zapadnog Balkana (Albanija, Bosna i Hercegovina, Kosovo, Crna Gora, Sjeverna Makedonija, Srbija) koji zajedni\u010dki rade na produkciji medijskog sadr\u017eaja namjenjenog mladima i od zna\u010daja za mlade u cijeloj regiji Zapadnog Balkana. Za u\u010de\u0161\u0107e u programu bit \u0107e izabrano 10 timova od po tri novinara\/ke.<\/p>\n\n\n\n<p>Odabrani timovi \u0107e tokom osam sedmica poha\u0111ati program gdje \u0107e s mentorom ili mentoricom raditi na razvoju i produkciji pri\u010de, a dobit \u0107e i stipendije. Pet timova koji u\u0111u u u\u017ei izbor bit \u0107e pozvani u novembru na doga\u0111aj za umre\u017eavanje, gdje \u0107e stru\u010dni \u017eiri ocjenjivati pri\u010de, a pobjedni\u010dki timovi dobit \u0107e nov\u010dane nagrade za kupovinu produkcijske opreme.<\/p>\n\n\n\n<p>Organizatori predla\u017eu da zainteresovani za u\u010de\u0161\u0107e u ovom programu, u svojim prijedlozima obrade jednu od tema koje se ti\u010du: zapo\u0161ljavanja mladih, rodne ravnopravnosti i rodnih pitanja, migracija, \u017eivotne sredine, posljedice pandemije na mlade, lokalne politike i mladih, kao i aktivizma mladih. U prijedlozima mogu biti obuhva\u0107ene i teme koje nisu navedene, uz obrazlo\u017eenje zbog \u010dega je odre\u0111ena tema va\u017ena za mlade na Zapadnom Balkanu.<\/p>\n\n\n\n<p>Sve pri\u010de se mogu producirati u bilo kojem formatu: audio, video, multimedija, podcast, blog, vlog ili alternativni formati, a prijaviti se mogu svi zainteresovane osobe starosne dobi izme\u0111u 21 i 30 godina koje rade u oblasti novinarstva, dr\u017eavljani su jedne od dr\u017eava Zapadnog Balkana, dobro poznaju engleski jezik i koje \u017eele raditi s profesionalnim mentorom\/icom i dobiti mogu\u0107nost da njihov rad ocjenjuju vode\u0107i novinari\/ke.<\/p>\n\n\n\n<p>Rok za prijavu je 3.9.2021.<\/p>\n\n\n\n<p>Detalji o na\u010dinu podno\u0161enja prijave i pravilima natjecanja navedeni dostupni su na <strong><a href=\"https:\/\/www.britishcouncil.ba\/programi\/obrazovanjie\/media-for-all\/natjecanje-mladih-novinara-novinarki\" target=\"_blank\" rel=\"noreferrer noopener\">ovom linku<\/a><\/strong>.<\/p>\n\n\n\n<p>Program &#8220;Media for All&#8221; realizira se u Albaniji, Bosni i Hercegovini, na Kosovu, u Crnoj Gori, Sjevernoj Makedoniji i Srbiji. Svrha ovog programa koji podr\u017eava medije je ja\u010danje ure\u0111iva\u010dke nezavisnosti medija na Zapadnom Balkanu i pru\u017eanje podr\u0161ke lokalnim nezavisnim medijima u ostvarivanju financijske odr\u017eivosti.<\/p>\n\n\n\n<p>Preuzeto sa: <a href=\"https:\/\/www.media.ba\/bs\/event\/takmicenje-mladih-novinara-i-novinarki\" target=\"_blank\" rel=\"noreferrer noopener\">media.ba<\/a><\/p>\n","protected":false},"excerpt":{"rendered":"<p>Za u\u010de\u0161\u0107e u programu bit \u0107e izabrano 10 timova od po tri novinara\/ke iz zemalja Zapadnog Balkana. U okviru programa<\/p>\n","protected":false},"author":1,"featured_media":11892,"comment_status":"closed","ping_status":"open","sticky":false,"template":"","format":"standard","meta":{"om_disable_all_campaigns":false,"_monsterinsights_skip_tracking":false,"_monsterinsights_sitenote_active":false,"_monsterinsights_sitenote_note":"","_monsterinsights_sitenote_category":0,"footnotes":""},"categories":[1462],"tags":[33,185,712,171,159],"class_list":["post-11915","post","type-post","status-publish","format-standard","has-post-thumbnail","hentry","category-takmicenja","tag-mladi","tag-novinari","tag-novinarke","tag-takmicenje","tag-zapadni-balkan"],"jetpack_featured_media_url":"https:\/\/www.mladibl.com\/wp-content\/uploads\/2021\/08\/Takmicenje-mladih-novinara-i-novinarki.jpg","amp_enabled":true,"_links":{"self":[{"href":"https:\/\/www.mladibl.com\/index.php?rest_route=\/wp\/v2\/posts\/11915","targetHints":{"allow":["GET"]}}],"collection":[{"href":"https:\/\/www.mladibl.com\/index.php?rest_route=\/wp\/v2\/posts"}],"about":[{"href":"https:\/\/www.mladibl.com\/index.php?rest_route=\/wp\/v2\/types\/post"}],"author":[{"embeddable":true,"href":"https:\/\/www.mladibl.com\/index.php?rest_route=\/wp\/v2\/users\/1"}],"replies":[{"embeddable":true,"href":"https:\/\/www.mladibl.com\/index.php?rest_route=%2Fwp%2Fv2%2Fcomments&post=11915"}],"version-history":[{"count":1,"href":"https:\/\/www.mladibl.com\/index.php?rest_route=\/wp\/v2\/posts\/11915\/revisions"}],"predecessor-version":[{"id":11916,"href":"https:\/\/www.mladibl.com\/index.php?rest_route=\/wp\/v2\/posts\/11915\/revisions\/11916"}],"wp:featuredmedia":[{"embeddable":true,"href":"https:\/\/www.mladibl.com\/index.php?rest_route=\/wp\/v2\/media\/11892"}],"wp:attachment":[{"href":"https:\/\/www.mladibl.com\/index.php?rest_route=%2Fwp%2Fv2%2Fmedia&parent=11915"}],"wp:term":[{"taxonomy":"category","embeddable":true,"href":"https:\/\/www.mladibl.com\/index.php?rest_route=%2Fwp%2Fv2%2Fcategories&post=11915"},{"taxonomy":"post_tag","embeddable":true,"href":"https:\/\/www.mladibl.com\/index.php?rest_route=%2Fwp%2Fv2%2Ftags&post=11915"}],"curies":[{"name":"wp","href":"https:\/\/api.w.org\/{rel}","templated":true}]}}