{"id":11908,"date":"2021-08-19T00:01:33","date_gmt":"2021-08-18T22:01:33","guid":{"rendered":"https:\/\/www.mladibl.com\/?p=11908"},"modified":"2021-08-19T00:01:34","modified_gmt":"2021-08-18T22:01:34","slug":"gradani-uhvaceni-na-delu-druga-strana-price","status":"publish","type":"post","link":"https:\/\/www.mladibl.com\/?p=11908","title":{"rendered":"Gra\u0111ani uhva\u0107eni na delu: Druga strana pri\u010de"},"content":{"rendered":"\n<p>Na ovogodi\u0161njoj Move.Link.Engage. konferenciji, koja se realizuje 21. i 22. septembra u onlajn formatu, o\u010dekuju vas pri\u010de sa druge strane!<\/p>\n\n\n\n<p>Pri\u010de onih aktivnih gra\u0111ana i gra\u0111anki koji ne \u010dekaju da neko drugi re\u0161i problem umesto njih, ve\u0107 uzimaju stvar u svoje ruke, onih koji se ne pla\u0161e da istupe i pozovu na odgovornost, onih koji pokazuju da su male pobede uvod u velike &#8211; onih koji motivi\u0161u.<\/p>\n\n\n\n<p>Jer, upravo su oni istinski pokreta\u010di promena.<\/p>\n\n\n\n<p>Move.Link.Engage. predstavlja jedinstveni forum koji podsti\u010de otvorene diskusije u okviru tema koje se odnose na javno zagovaranje, obrazovanje i povezivanje. Konferencija je mesto okupljanja stru\u010dnjaka iz civilnog, poslovnog i javnog sektora &#8211; predstavnika nacionalnih, regionalnih i evropskih institucija, odnosno donosilaca odluka, lokalnih pokreta\u010da promena, akademske zajednice kao i svih aktivnih gra\u0111ana i gra\u0111anki.<\/p>\n\n\n\n<p>Prijavi se i budi i ti deo na\u0161e pri\u010de! Vi\u0161e informacija: <strong><a href=\"http:\/\/mle.bos.rs\" target=\"_blank\" rel=\"noreferrer noopener\">mle.bos.rs<\/a><\/strong><\/p>\n\n\n\n<p>Preuzeto sa: <a href=\"https:\/\/docs.google.com\/forms\/d\/1awAGYHFcongMAMv0jkqBtwZs3n5YqsXvaRn1RsVGobw\/viewform?ts=610bb198&amp;edit_requested=true\" target=\"_blank\" rel=\"noreferrer noopener\">Move.Link.Engage<\/a>.<\/p>\n","protected":false},"excerpt":{"rendered":"<p>Na ovogodi\u0161njoj Move.Link.Engage. konferenciji, koja se realizuje 21. i 22. septembra u onlajn formatu, o\u010dekuju vas pri\u010de sa druge strane!<\/p>\n","protected":false},"author":1,"featured_media":11909,"comment_status":"closed","ping_status":"open","sticky":false,"template":"","format":"standard","meta":{"om_disable_all_campaigns":false,"_monsterinsights_skip_tracking":false,"_monsterinsights_sitenote_active":false,"_monsterinsights_sitenote_note":"","_monsterinsights_sitenote_category":0,"footnotes":""},"categories":[6],"tags":[5985,5984,184],"class_list":["post-11908","post","type-post","status-publish","format-standard","has-post-thumbnail","hentry","category-dogadjaji","tag-druga-strana-price","tag-gradani-uhvaceni-na-delu","tag-konferencija"],"jetpack_featured_media_url":"https:\/\/www.mladibl.com\/wp-content\/uploads\/2021\/08\/Gradjani-uhvaceni-na-delu.jpg","amp_enabled":true,"_links":{"self":[{"href":"https:\/\/www.mladibl.com\/index.php?rest_route=\/wp\/v2\/posts\/11908","targetHints":{"allow":["GET"]}}],"collection":[{"href":"https:\/\/www.mladibl.com\/index.php?rest_route=\/wp\/v2\/posts"}],"about":[{"href":"https:\/\/www.mladibl.com\/index.php?rest_route=\/wp\/v2\/types\/post"}],"author":[{"embeddable":true,"href":"https:\/\/www.mladibl.com\/index.php?rest_route=\/wp\/v2\/users\/1"}],"replies":[{"embeddable":true,"href":"https:\/\/www.mladibl.com\/index.php?rest_route=%2Fwp%2Fv2%2Fcomments&post=11908"}],"version-history":[{"count":1,"href":"https:\/\/www.mladibl.com\/index.php?rest_route=\/wp\/v2\/posts\/11908\/revisions"}],"predecessor-version":[{"id":11910,"href":"https:\/\/www.mladibl.com\/index.php?rest_route=\/wp\/v2\/posts\/11908\/revisions\/11910"}],"wp:featuredmedia":[{"embeddable":true,"href":"https:\/\/www.mladibl.com\/index.php?rest_route=\/wp\/v2\/media\/11909"}],"wp:attachment":[{"href":"https:\/\/www.mladibl.com\/index.php?rest_route=%2Fwp%2Fv2%2Fmedia&parent=11908"}],"wp:term":[{"taxonomy":"category","embeddable":true,"href":"https:\/\/www.mladibl.com\/index.php?rest_route=%2Fwp%2Fv2%2Fcategories&post=11908"},{"taxonomy":"post_tag","embeddable":true,"href":"https:\/\/www.mladibl.com\/index.php?rest_route=%2Fwp%2Fv2%2Ftags&post=11908"}],"curies":[{"name":"wp","href":"https:\/\/api.w.org\/{rel}","templated":true}]}}