{"id":11768,"date":"2021-08-13T10:57:56","date_gmt":"2021-08-13T08:57:56","guid":{"rendered":"https:\/\/www.mladibl.com\/?p=11768"},"modified":"2021-08-13T10:59:00","modified_gmt":"2021-08-13T08:59:00","slug":"ljetna-skola-oslobodite-rijeke-2021","status":"publish","type":"post","link":"https:\/\/www.mladibl.com\/?p=11768","title":{"rendered":"Ljetna \u0161kola &#8220;Oslobodite rijeke 2021&#8221;"},"content":{"rendered":"\n<p>\u010cetvorodnevna ljetna \u0161kola namjerava da okupi gra\u0111ane, studente, akademike i nezavisne stru\u010dnjake na temu za\u0161tite rijeka Zapadnog Balkana.<\/p>\n\n\n\n<p>To \u0107e rezultirati ja\u010danjem saradnje organizacija civilnog dru\u0161tva u cijelom regionu i ja\u010danjem nadle\u017enosti civilnog dru\u0161tva u kampanji za rijeke.<\/p>\n\n\n\n<p>Datum: 2. \u2013 5. Septembra<br>Format: doga\u0111aj u kombinaciji prisustva u\u017eivo i online<br>Mjesto: Hotel Bacchus, Livno, Bosna i Hercegovina<\/p>\n\n\n\n<p>Registracija: <strong><a href=\"https:\/\/docs.google.com\/forms\/d\/1owRMCQeDQYMRFMQp3eky_YrXkegdoqmxPmtK8G5CpX8\/viewform?edit_requested=true\" target=\"_blank\" rel=\"noreferrer noopener\">https:\/\/docs.google.com\/forms\/d\/1owRMCQeDQYMRFMQp3eky_YrXkegdoqmxPmtK8G5CpX8\/viewform?edit_requested=true<\/a><\/strong><\/p>\n\n\n\n<p>Ljetna \u0161kola \u0107e se odr\u017eati na bosanskom\/srpskom\/hrvatskom jeziku.<\/p>\n\n\n\n<p>Preuzeto sa: <a href=\"https:\/\/eko.ba\/seminari\/340-ljetna-skola-oslobodite-rijeke-2021\" target=\"_blank\" rel=\"noreferrer noopener\">eko.ba<\/a><\/p>\n","protected":false},"excerpt":{"rendered":"<p>\u010cetvorodnevna ljetna \u0161kola namjerava da okupi gra\u0111ane, studente, akademike i nezavisne stru\u010dnjake na temu za\u0161tite rijeka Zapadnog Balkana. To \u0107e<\/p>\n","protected":false},"author":1,"featured_media":11756,"comment_status":"closed","ping_status":"open","sticky":false,"template":"","format":"standard","meta":{"om_disable_all_campaigns":false,"_monsterinsights_skip_tracking":false,"_monsterinsights_sitenote_active":false,"_monsterinsights_sitenote_note":"","_monsterinsights_sitenote_category":0,"footnotes":""},"categories":[6],"tags":[238,5944,62,159,5945],"class_list":["post-11768","post","type-post","status-publish","format-standard","has-post-thumbnail","hentry","category-dogadjaji","tag-ljetna-skola","tag-oslobodite-rijeke","tag-studenti","tag-zapadni-balkan","tag-zastita-rijeka"],"jetpack_featured_media_url":"https:\/\/www.mladibl.com\/wp-content\/uploads\/2021\/08\/LJETNA-SKOLA-OSLOBODITE-RIJEKE-2021.jpg","amp_enabled":true,"_links":{"self":[{"href":"https:\/\/www.mladibl.com\/index.php?rest_route=\/wp\/v2\/posts\/11768","targetHints":{"allow":["GET"]}}],"collection":[{"href":"https:\/\/www.mladibl.com\/index.php?rest_route=\/wp\/v2\/posts"}],"about":[{"href":"https:\/\/www.mladibl.com\/index.php?rest_route=\/wp\/v2\/types\/post"}],"author":[{"embeddable":true,"href":"https:\/\/www.mladibl.com\/index.php?rest_route=\/wp\/v2\/users\/1"}],"replies":[{"embeddable":true,"href":"https:\/\/www.mladibl.com\/index.php?rest_route=%2Fwp%2Fv2%2Fcomments&post=11768"}],"version-history":[{"count":2,"href":"https:\/\/www.mladibl.com\/index.php?rest_route=\/wp\/v2\/posts\/11768\/revisions"}],"predecessor-version":[{"id":11770,"href":"https:\/\/www.mladibl.com\/index.php?rest_route=\/wp\/v2\/posts\/11768\/revisions\/11770"}],"wp:featuredmedia":[{"embeddable":true,"href":"https:\/\/www.mladibl.com\/index.php?rest_route=\/wp\/v2\/media\/11756"}],"wp:attachment":[{"href":"https:\/\/www.mladibl.com\/index.php?rest_route=%2Fwp%2Fv2%2Fmedia&parent=11768"}],"wp:term":[{"taxonomy":"category","embeddable":true,"href":"https:\/\/www.mladibl.com\/index.php?rest_route=%2Fwp%2Fv2%2Fcategories&post=11768"},{"taxonomy":"post_tag","embeddable":true,"href":"https:\/\/www.mladibl.com\/index.php?rest_route=%2Fwp%2Fv2%2Ftags&post=11768"}],"curies":[{"name":"wp","href":"https:\/\/api.w.org\/{rel}","templated":true}]}}