{"id":11712,"date":"2021-08-11T10:11:47","date_gmt":"2021-08-11T08:11:47","guid":{"rendered":"https:\/\/www.mladibl.com\/?p=11712"},"modified":"2021-08-11T10:11:48","modified_gmt":"2021-08-11T08:11:48","slug":"pocela-izgradnja-kosarkaskog-terena-uz-os-branko-radicevic","status":"publish","type":"post","link":"https:\/\/www.mladibl.com\/?p=11712","title":{"rendered":"Po\u010dela izgradnja ko\u0161arka\u0161kog terena uz O\u0160 \u201eBranko Radi\u010devi\u0107\u201c"},"content":{"rendered":"\n<p>U dvori\u0161tu Osnovne \u0161kole \u201eBranko Radi\u010devi\u0107\u201c na Star\u010devici po\u010dela je izgradnja ko\u0161arka\u0161kog terena.<\/p>\n\n\n\n<p>-Tako \u0107e, uz novoizgra\u0111enu dvoranu, u\u010denici ove \u0161kole, ali i najmla\u0111i stanovnici Star\u010device do po\u010detka \u0161kolske godine dobiti dodatni prostor gdje \u0107e se mo\u0107i okupljati i igrati \u2013 kazao je gradski menad\u017eer Bojan Kresojevi\u0107, koji je prisustvovao po\u010detku radova.<\/p>\n\n\n\n<p>S obzirom na to da veliki broj u\u010denika poha\u0111a ovu \u0161kolu i veliki broj djece iz ovog dijela grada, Kresojevi\u0107 je kazao da \u0107e novi teren za ko\u0161arku biti itekako koristan.<\/p>\n\n\n\n<p>-Najve\u0107e gradsko naselje gravitira prema ovom dijelu grada, \u0161koli i igrali\u0161tu, i u tom smislu smatramo da \u0107e ovo biti zna\u010dajno pobolj\u0161anje cijelog ovog kompleksa \u0161kole \u2013 rekao je on.<\/p>\n\n\n\n<p>Budu\u0107i sportski teren donacija je dru\u0161tveno odgovorne kompanije \u201eAragosta invest\u201c d.o.o. Banja Luka.<\/p>\n\n\n\n<p>U ime ove kompanije Marko Savi\u0107 kazao je da su i do sada imali sli\u010dne akcije tokom kojih su gradu poklonili dje\u010dija igrali\u0161ta, a podr\u017eavaju i veliki broj humanitarnih akcija.<\/p>\n\n\n\n<p>-Ovo je poseban projekat jer \u0107e slu\u017eiti na\u0161im pokoljenjima koji \u0107e se ovdje igrati i razvijati svoje sportske sposobnosti \u2013 kazao je Savi\u0107.<\/p>\n\n\n\n<p>Gradnju terena za ko\u0161arku pozdravilo je i vi\u0161e odbornika u Skup\u0161tini grada Banje Luke.<\/p>\n\n\n\n<p>Naime, novi sportski teren za ko\u0161arku uz \u0161kolu \u201eBranko Radi\u010devi\u0107\u201c bi\u0107e dimenzija 28 x 15 metara.<\/p>\n\n\n\n<p>Preuzeto sa: <a href=\"https:\/\/www.banjaluka.rs.ba\/pocela-izgradnja-kosarkaskog-terena-uz-os-branko-radicevic\/\" target=\"_blank\" rel=\"noreferrer noopener\">Grad Banja Luka<\/a><\/p>\n","protected":false},"excerpt":{"rendered":"<p>U dvori\u0161tu Osnovne \u0161kole \u201eBranko Radi\u010devi\u0107\u201c na Star\u010devici po\u010dela je izgradnja ko\u0161arka\u0161kog terena. -Tako \u0107e, uz novoizgra\u0111enu dvoranu, u\u010denici ove<\/p>\n","protected":false},"author":1,"featured_media":11713,"comment_status":"closed","ping_status":"open","sticky":false,"template":"","format":"standard","meta":{"om_disable_all_campaigns":false,"_monsterinsights_skip_tracking":false,"_monsterinsights_sitenote_active":false,"_monsterinsights_sitenote_note":"","_monsterinsights_sitenote_category":0,"footnotes":""},"categories":[2],"tags":[53,5923,856,5620,5922],"class_list":["post-11712","post","type-post","status-publish","format-standard","has-post-thumbnail","hentry","category-vijesti","tag-banja-luka","tag-branko-radicevic","tag-izgradnja","tag-kosarkaski-teren","tag-osnovna-skola"],"jetpack_featured_media_url":"https:\/\/www.mladibl.com\/wp-content\/uploads\/2021\/08\/Pocela-izgradnja-kosarkaskog-terena-uz-OS-\u201eBranko-Radicevic.jpg","amp_enabled":true,"_links":{"self":[{"href":"https:\/\/www.mladibl.com\/index.php?rest_route=\/wp\/v2\/posts\/11712","targetHints":{"allow":["GET"]}}],"collection":[{"href":"https:\/\/www.mladibl.com\/index.php?rest_route=\/wp\/v2\/posts"}],"about":[{"href":"https:\/\/www.mladibl.com\/index.php?rest_route=\/wp\/v2\/types\/post"}],"author":[{"embeddable":true,"href":"https:\/\/www.mladibl.com\/index.php?rest_route=\/wp\/v2\/users\/1"}],"replies":[{"embeddable":true,"href":"https:\/\/www.mladibl.com\/index.php?rest_route=%2Fwp%2Fv2%2Fcomments&post=11712"}],"version-history":[{"count":1,"href":"https:\/\/www.mladibl.com\/index.php?rest_route=\/wp\/v2\/posts\/11712\/revisions"}],"predecessor-version":[{"id":11714,"href":"https:\/\/www.mladibl.com\/index.php?rest_route=\/wp\/v2\/posts\/11712\/revisions\/11714"}],"wp:featuredmedia":[{"embeddable":true,"href":"https:\/\/www.mladibl.com\/index.php?rest_route=\/wp\/v2\/media\/11713"}],"wp:attachment":[{"href":"https:\/\/www.mladibl.com\/index.php?rest_route=%2Fwp%2Fv2%2Fmedia&parent=11712"}],"wp:term":[{"taxonomy":"category","embeddable":true,"href":"https:\/\/www.mladibl.com\/index.php?rest_route=%2Fwp%2Fv2%2Fcategories&post=11712"},{"taxonomy":"post_tag","embeddable":true,"href":"https:\/\/www.mladibl.com\/index.php?rest_route=%2Fwp%2Fv2%2Ftags&post=11712"}],"curies":[{"name":"wp","href":"https:\/\/api.w.org\/{rel}","templated":true}]}}