{"id":11689,"date":"2021-08-10T08:47:16","date_gmt":"2021-08-10T06:47:16","guid":{"rendered":"https:\/\/www.mladibl.com\/?p=11689"},"modified":"2021-08-10T08:47:17","modified_gmt":"2021-08-10T06:47:17","slug":"eko-setnja-dolazi-u-gradisku","status":"publish","type":"post","link":"https:\/\/www.mladibl.com\/?p=11689","title":{"rendered":"Eko \u0161etnja dolazi u Gradi\u0161ku"},"content":{"rendered":"\n<p>Povodom Me\u0111unarodnog dana mladih (12.08), Agencija za razvoj i saradnju CEREBRA zajedno sa partnerima u ovoj akciji i doma\u0107inom akcije NGO MOST organizuje \u010detvrtu Eko \u0161etnju ove sezone u Gradi\u0161ci, jezero Laminci.<\/p>\n\n\n\n<p>\u010cetvrta ovogodi\u0161nja EKO-\u0160ETNJA odr\u017ea\u0107e se u \u010cETVRTAK, 12.08.2021. godine sa po\u010detkom u 16 \u010dasova na jezeru Laminci kod Gradi\u0161ke.<\/p>\n\n\n\n<p>Pozivamo sve koji \u017eele da se priklju\u010de akciji da sa sobom ponesu za\u0161titne maske, te udobnu odje\u0107u i obu\u0107u. Organizator obezbje\u0111uje rukavice i vre\u0107e za sme\u0107e.<\/p>\n\n\n\n<p>EKO-\u0160ETNJA je pokret koji ima za cilj:<\/p>\n\n\n\n<ul class=\"wp-block-list\"><li>promociju zdravih stilova \u017eivota,<\/li><li>kvalitetnog provo\u0111enja slobodnog vremena,<\/li><li>uklju\u010divanje i afirmisanje mladih u dru\u0161tvenu zajednicu,<\/li><li>podsticanje ekolo\u0161ke osvje\u0161tenosti i<\/li><li>direktan uticaj na za\u0161titu \u017eivotne sredine.<\/li><\/ul>\n\n\n\n<p>\u0160etnja je otvorena za sve zainteresovane koji \u017eele da se upoznaju, dru\u017ee, rekreiraju i dorinesu smanjenju otpada.<\/p>\n\n\n\n<p>Podsje\u0107amo, cilj eko-\u0161etnje le\u017ei u nagla\u0161avanju va\u017enosti i o\u010duvanju kvaliteta okoli\u0161a i djelovanja na stvaranje ekolo\u0161ki svjesne, savjesne i dru\u0161tveno odgovorne sredine koja bi sve prirodne zanimljivosti sa\u010duvala kao jedinstvenu prirodnu vrijednost. Ja\u010danje svijesti gra\u0111ana i okoline o potrebi za\u0161tite i mudrog kori\u0161tenja njegovih prirodnih vrijednosti treba biti dugoro\u010dan zadatak svih nas.<\/p>\n\n\n\n<p>EKO-\u0160ETNJA poziva sve organizacije i pojedince voljne da pomognu i priklju\u010de akciji da nam se jave kako bi postali suorganizatori ove aktivnosti i kako bismo ovim pokretom o\u010distili na\u0161e gradove i okolinu, ali i promovisali zdrave \u017eivotne navike i stilove, te kvalitetno provo\u0111enje slobodnog vremena.<\/p>\n\n\n\n<p>Za sva dodatna pitanja i informacije pi\u0161ite nam na mail: <strong><a href=\"mailto:ekosetnja2@gmail.com\" target=\"_blank\" rel=\"noreferrer noopener\">ekosetnja2@gmail.com<\/a><\/strong> i <strong><a href=\"mailto:ik.cerebra@gmail.com\" target=\"_blank\" rel=\"noreferrer noopener\">ik.cerebra@gmail.com<\/a><\/strong><\/p>\n\n\n\n<p>Vidimo se u \u010detvrtak u 16h u Lamincima!<\/p>\n\n\n\n<p>Preuzeto sa: <a href=\"https:\/\/www.cerebra-ngo.com\/?p=1292\" target=\"_blank\" rel=\"noreferrer noopener\">CEREBRA NGO<\/a><\/p>\n","protected":false},"excerpt":{"rendered":"<p>Povodom Me\u0111unarodnog dana mladih (12.08), Agencija za razvoj i saradnju CEREBRA zajedno sa partnerima u ovoj akciji i doma\u0107inom akcije<\/p>\n","protected":false},"author":1,"featured_media":11690,"comment_status":"closed","ping_status":"open","sticky":false,"template":"","format":"standard","meta":{"om_disable_all_campaigns":false,"_monsterinsights_skip_tracking":false,"_monsterinsights_sitenote_active":false,"_monsterinsights_sitenote_note":"","_monsterinsights_sitenote_category":0,"footnotes":""},"categories":[6],"tags":[970,870],"class_list":["post-11689","post","type-post","status-publish","format-standard","has-post-thumbnail","hentry","category-dogadjaji","tag-eko-setnja","tag-gradiska"],"jetpack_featured_media_url":"https:\/\/www.mladibl.com\/wp-content\/uploads\/2021\/08\/Eko-setnja-dolazi-u-Gradisku.jpg","amp_enabled":true,"_links":{"self":[{"href":"https:\/\/www.mladibl.com\/index.php?rest_route=\/wp\/v2\/posts\/11689","targetHints":{"allow":["GET"]}}],"collection":[{"href":"https:\/\/www.mladibl.com\/index.php?rest_route=\/wp\/v2\/posts"}],"about":[{"href":"https:\/\/www.mladibl.com\/index.php?rest_route=\/wp\/v2\/types\/post"}],"author":[{"embeddable":true,"href":"https:\/\/www.mladibl.com\/index.php?rest_route=\/wp\/v2\/users\/1"}],"replies":[{"embeddable":true,"href":"https:\/\/www.mladibl.com\/index.php?rest_route=%2Fwp%2Fv2%2Fcomments&post=11689"}],"version-history":[{"count":1,"href":"https:\/\/www.mladibl.com\/index.php?rest_route=\/wp\/v2\/posts\/11689\/revisions"}],"predecessor-version":[{"id":11691,"href":"https:\/\/www.mladibl.com\/index.php?rest_route=\/wp\/v2\/posts\/11689\/revisions\/11691"}],"wp:featuredmedia":[{"embeddable":true,"href":"https:\/\/www.mladibl.com\/index.php?rest_route=\/wp\/v2\/media\/11690"}],"wp:attachment":[{"href":"https:\/\/www.mladibl.com\/index.php?rest_route=%2Fwp%2Fv2%2Fmedia&parent=11689"}],"wp:term":[{"taxonomy":"category","embeddable":true,"href":"https:\/\/www.mladibl.com\/index.php?rest_route=%2Fwp%2Fv2%2Fcategories&post=11689"},{"taxonomy":"post_tag","embeddable":true,"href":"https:\/\/www.mladibl.com\/index.php?rest_route=%2Fwp%2Fv2%2Ftags&post=11689"}],"curies":[{"name":"wp","href":"https:\/\/api.w.org\/{rel}","templated":true}]}}