{"id":11601,"date":"2021-08-06T22:05:42","date_gmt":"2021-08-06T20:05:42","guid":{"rendered":"https:\/\/www.mladibl.com\/?p=11601"},"modified":"2021-08-06T22:05:43","modified_gmt":"2021-08-06T20:05:43","slug":"utvrden-program-ovogodisnjeg-kocicevog-zbora","status":"publish","type":"post","link":"https:\/\/www.mladibl.com\/?p=11601","title":{"rendered":"Utvr\u0111en program ovogodi\u0161njeg \u201eKo\u010di\u0107evog zbora\u201c"},"content":{"rendered":"\n<p>Organizacioni odbor za obilje\u017eavanje 56. Ko\u010di\u0107evog zbora, utvrdio je danas program ove tradicionalne manifestacije, koja \u0107e biti odr\u017eana u periodu od 23. do 29. avgusta.<\/p>\n\n\n\n<p>Program ovogodi\u0161nje manifestacije bi\u0107e odr\u017ean na tri lokacije \u2013 u Banjoj Luci, Stri\u010di\u0107ima i Beogradu.<\/p>\n\n\n\n<p>Prema danas usvojenom programu, sve\u010dano otvaranje manifestacije bi\u0107e uprili\u010deno 23. avgusta, u 20 \u010dasova, u Parku \u201ePetar Ko\u010di\u0107\u201c, a tog dana u Parku, u 12 \u010dasova, bi\u0107e polo\u017eeni i vijenci na spomenik Petru Ko\u010di\u0107u.<\/p>\n\n\n\n<p>Za 24. avgust u 13.00 \u010dasova najavljena je promocija nepoznate Ko\u010di\u0107eve pripovjetke \u201e\u0110e je mama?\u201c prire\u0111iva\u010da Zorana Peja\u0161inovi\u0107a u izdanju Narodne i univerzitetske biblioteke Republike Srpske. Promociju knjige na platou ispred Biblioteke, prati\u0107e i prigodna izlo\u017eba koja \u0107e, na posebno dizjaniran na\u010din, predstaviti ovo djelo. Istog dana, u Muzeju Republike Srpske u 18.00 \u010dasova bi\u0107e odr\u017eana radionica veza za djecu i odrasle sa veziljom Sanjom Baji\u0107.<\/p>\n\n\n\n<p>Ve\u010de satire kod govornice na Trgu Krajine bi\u0107e organizovano 25. avgusta, u 20.00 \u010dasova, te ve\u010de drame 26. avgusta, u 20.00 \u010dasova u Parku \u201ePetar Ko\u010di\u0107\u201c.<\/p>\n\n\n\n<p>Program u Beogradu predvi\u0111en je za 26. avgust, kada \u0107e u ve\u010dernjim \u010dasovima biti prire\u0111eno knji\u017eevno ve\u010de u organizaciji udru\u017eenja knji\u017eevnika Republike Srpske i Srbije. Tog dana, bi\u0107e polo\u017eeni vijenci na grob Petra Ko\u010di\u0107a u Aleji velikana.<\/p>\n\n\n\n<p>Dodjela nagrade \u201eZmijanj\u010de\u201c, prema programu, bi\u0107e organizovana 27. avgusta, kada \u0107e u Parku \u201ePetar Ko\u010di\u0107\u201c biti odr\u017eano ve\u010de posve\u0107eno mladim pjesnicima.<\/p>\n\n\n\n<p>Sve\u010dana akademija i dodjela \u201eKo\u010di\u0107eve nagrade\u201c bi\u0107e odr\u017eana 28. avgusta u 20.00 \u010dasova u Banskom dvoru, a istog dana planiran je i knji\u017eevni program u porti manastira Gomionica (13.15 \u010dasova).<\/p>\n\n\n\n<p>U Ko\u010di\u0107evim rodnim Stri\u010di\u0107ima zavr\u0161nog dana o\u010dekuje nas i kulturno-umjetni\u010dki program, nadmetanja u narodnim igrama i vje\u0161tinama, te u\u010de\u0161\u0107e padobranaca.<\/p>\n\n\n\n<p>I ove godine borbe bikova, mo\u0107i \u0107e da se gledaju u dva navrata, po\u0161to je predvi\u0111eno da budu prire\u0111ene u subotu i nedjelju, 28. i 29. avgusta na zbori\u0161tu u Stri\u010di\u0107ima.<\/p>\n\n\n\n<p>U slu\u010daju da Republi\u010dki \u0161tab za vanredne situacije donese rigoroznije mjere u vezi sa aktuelnom epidemiolo\u0161kom situacijom na teritoriji grada Banje Luke, Organizacioni odbor 56. Ko\u010di\u0107evog zbora danas je usvojio i drugu verziju programa manifestacije koja bi bila u manjem obimu.<\/p>\n\n\n\n<p>Tako\u0111e, usvojen je bud\u017eet manifestacije, uz napomenu da se o\u010dekuju i sredstva od Vlade Republike Srpske koja je svake godine podr\u017eavala ovu manifestaciju posve\u0107enu velikanu pisane rije\u010di.<\/p>\n\n\n\n<p>Preuzeto sa: <a href=\"https:\/\/www.banjaluka.rs.ba\/utvrdjen-program-ovogodisnjeg-kocicevog-zbora\/\" target=\"_blank\" rel=\"noreferrer noopener\">Grad Banja Luka<\/a><\/p>\n","protected":false},"excerpt":{"rendered":"<p>Organizacioni odbor za obilje\u017eavanje 56. Ko\u010di\u0107evog zbora, utvrdio je danas program ove tradicionalne manifestacije, koja \u0107e biti odr\u017eana u periodu<\/p>\n","protected":false},"author":1,"featured_media":11613,"comment_status":"closed","ping_status":"open","sticky":false,"template":"","format":"standard","meta":{"om_disable_all_campaigns":false,"_monsterinsights_skip_tracking":false,"_monsterinsights_sitenote_active":false,"_monsterinsights_sitenote_note":"","_monsterinsights_sitenote_category":0,"footnotes":""},"categories":[2],"tags":[784,1102,5873],"class_list":["post-11601","post","type-post","status-publish","format-standard","has-post-thumbnail","hentry","category-vijesti","tag-kocicev-zbor","tag-program","tag-utvrden"],"jetpack_featured_media_url":"https:\/\/www.mladibl.com\/wp-content\/uploads\/2021\/08\/Utvrden-program-ovogodisnjeg-\u201eKocicevog-zbora.jpg","amp_enabled":true,"_links":{"self":[{"href":"https:\/\/www.mladibl.com\/index.php?rest_route=\/wp\/v2\/posts\/11601","targetHints":{"allow":["GET"]}}],"collection":[{"href":"https:\/\/www.mladibl.com\/index.php?rest_route=\/wp\/v2\/posts"}],"about":[{"href":"https:\/\/www.mladibl.com\/index.php?rest_route=\/wp\/v2\/types\/post"}],"author":[{"embeddable":true,"href":"https:\/\/www.mladibl.com\/index.php?rest_route=\/wp\/v2\/users\/1"}],"replies":[{"embeddable":true,"href":"https:\/\/www.mladibl.com\/index.php?rest_route=%2Fwp%2Fv2%2Fcomments&post=11601"}],"version-history":[{"count":1,"href":"https:\/\/www.mladibl.com\/index.php?rest_route=\/wp\/v2\/posts\/11601\/revisions"}],"predecessor-version":[{"id":11614,"href":"https:\/\/www.mladibl.com\/index.php?rest_route=\/wp\/v2\/posts\/11601\/revisions\/11614"}],"wp:featuredmedia":[{"embeddable":true,"href":"https:\/\/www.mladibl.com\/index.php?rest_route=\/wp\/v2\/media\/11613"}],"wp:attachment":[{"href":"https:\/\/www.mladibl.com\/index.php?rest_route=%2Fwp%2Fv2%2Fmedia&parent=11601"}],"wp:term":[{"taxonomy":"category","embeddable":true,"href":"https:\/\/www.mladibl.com\/index.php?rest_route=%2Fwp%2Fv2%2Fcategories&post=11601"},{"taxonomy":"post_tag","embeddable":true,"href":"https:\/\/www.mladibl.com\/index.php?rest_route=%2Fwp%2Fv2%2Ftags&post=11601"}],"curies":[{"name":"wp","href":"https:\/\/api.w.org\/{rel}","templated":true}]}}