{"id":1146,"date":"2020-04-10T11:57:34","date_gmt":"2020-04-10T09:57:34","guid":{"rendered":"http:\/\/www.mladibl.com\/?p=1146"},"modified":"2020-04-10T11:57:36","modified_gmt":"2020-04-10T09:57:36","slug":"stab-za-vanredne-situacije-jos-nije-vrijeme-za-popustanje-restrikcija","status":"publish","type":"post","link":"https:\/\/www.mladibl.com\/?p=1146","title":{"rendered":"\u0160tab za vanredne situacije: Jo\u0161 nije vrijeme za popu\u0161tanje restrikcija"},"content":{"rendered":"\n<p>Sve donesene restrikcije i ograni\u010denja zbog korona virusa ostaju na snazi do 13. aprila, a gra\u0111ani se pozivaju da se i dalje pridr\u017eavaju propisanih mjera za\u0161tite, izjavio je gradona\u010delnik Igor Radoji\u010di\u0107, poslije dana\u0161nje sjednice \u0160taba za vanredne situacije. On je naglasio da, prate\u0107i broj oboljelih, kojih trenutno u Banjoj Luci ima 232, jo\u0161 nije vrijeme za popu\u0161tanje mjera, s tim da \u0107e se i dalje pratiti razvoj situacije i, u skladu s tim, odlu\u010divati o daljim mjerama.<\/p>\n\n\n\n<p>Radoji\u010di\u0107 je upozorio na poseban oprez priziva \u010dinjenica da nas u narednim danima o\u010dekuje veliki broj praznika, tokom kojih dolazi do masovnijih okupljanja, te jo\u0161 jednom naglasio da \u0107e svi oni koji do\u0111u iz inostranstva u narednom periodu, praznike provesti u karantinu.<\/p>\n\n\n\n<p>Katoli\u010dki Uskrs i pravoslavni Vaskrs, 1.maj i \u0110ur\u0111evdan su datumi koji \u0107e sigurno biti obuhva\u0107eni razli\u010ditim restriktivnim mjerama, kako bismo sprije\u010dili da javna okupljanja ili ve\u0107i skupovi dovedu do novog \u0161irenja epidemije. Eventualni ve\u0107i prilivi ljudi iz inostranstva za praznike, zna\u010di\u0107e i punjenje lokalnih karantina \u2013 naveo je Radoji\u010di\u0107 i dodao da je u funkciji jo\u0161 jedan gradski karantin i to u Srednjo\u0161kolskom domu.<\/p>\n\n\n\n<p>On je najavio da \u0107e na sutra\u0161njoj sjednici gradskog parlamenta biti razmatran set ekonomski mjera za pomo\u0107 privredi i gra\u0111anima.<\/p>\n\n\n\n<p>Skup\u0161tina grada bi sutra trebalo da donese 13 mjera koje su usmjerene na olak\u0161ice i podsticaje privrednim subjektima i gra\u0111anima, u ukupnom iznosu od osam miliona KM. Pored toga, preko Centra za razvoj poljoprivrede i sela, obezbijedi\u0107emo da svi gra\u0111ani koji su se prijavili za pakete za sjetvu i dobiju te pakete, a, zavisno od tehni\u010dkih mogu\u0107nosti, vidje\u0107emo da li \u0107emo i\u0107i direktno sa paketima ili \u0107e dobiti nov\u010danu pomo\u0107 za kupovinu tih paketa \u2013 rekao je Radoji\u010di\u0107.<\/p>\n\n\n\n<p>Imaju\u0107i u vidu da je primje\u0107eno da se gra\u0111ani i dalje okupljaju na nekim lokacijama u ve\u0107im grupama, od sutra \u0107e restriktivne mjere biti poja\u010dane, pa \u0107e tako biti zatvoreni tvra\u0111ava Kastel, univerzitetski kampus i nekoliko fudbalskih igrali\u0161ta.<\/p>\n\n\n\n<p>Prema odluci \u0160taba, bi\u0107e nastavljena kontrola rada svih poslovnih subjekata kojima je ovih omogu\u0107eno da rade kao i centara za smje\u0161taj starijih lica. Tako\u0111e, \u0160tab je apelovao na sugra\u0111ane da se pridr\u017eavaju sutra\u0161njih ograni\u010denja u vezi sa zabranom kretanja, ukazuju\u0107i da sutra, u periodu od 07.00 do 11.00 \u010dasova vrijedi zabrana kretanja za sve osobe mla\u0111e od 65 godina, dok \u0107e starijoj populaciji biti dozvoljeno kretanje od 7.00 do 10.00 \u010dasova.<\/p>\n\n\n\n<p>Iz Doma zdravlja je saop\u0161teno da je posljednjih dana zabilje\u017een manji priliv pacijenata sa akutnim respiratornim infekcijama, a po nalogu ministra zdravlja, sva lica koja se budu \u017ealila na ovu infekciju, u najskorije vrijeme \u0107e biti testirana na korona virus.<\/p>\n\n\n\n<p>Preuzeto sa: <a href=\"http:\/\/www.banjaluka.rs.ba\/%d1%88%d1%82%d0%b0%d0%b1-%d0%b7%d0%b0-%d0%b2%d0%b0%d0%bd%d1%80%d0%b5%d0%b4%d0%bd%d0%b5-%d1%81%d0%b8%d1%82%d1%83%d0%b0%d1%86%d0%b8%d1%98%d0%b5-%d1%98%d0%be%d1%88-%d0%bd%d0%b8%d1%98%d0%b5-%d0%b2%d1%80\/\" target=\"_blank\" rel=\"noreferrer noopener\" aria-label=\"Grad Banja Luka (opens in a new tab)\">Grad Banja Luka<\/a><\/p>\n","protected":false},"excerpt":{"rendered":"<p>Sve donesene restrikcije i ograni\u010denja zbog korona virusa ostaju na snazi do 13. aprila, a gra\u0111ani se pozivaju da se<\/p>\n","protected":false},"author":1,"featured_media":1147,"comment_status":"closed","ping_status":"open","sticky":false,"template":"","format":"standard","meta":{"om_disable_all_campaigns":false,"_monsterinsights_skip_tracking":false,"_monsterinsights_sitenote_active":false,"_monsterinsights_sitenote_note":"","_monsterinsights_sitenote_category":0,"footnotes":""},"categories":[2],"tags":[27,432,375,400],"class_list":["post-1146","post","type-post","status-publish","format-standard","has-post-thumbnail","hentry","category-vijesti","tag-grad-banja-luka","tag-restrikcije","tag-stab","tag-vanredna-situacija"],"jetpack_featured_media_url":"https:\/\/www.mladibl.com\/wp-content\/uploads\/2020\/04\/\u0160tab-za-vanredne-situacije-Jo\u0161-nije-vrijeme-za-popu\u0161tanje-restrikcija.jpg","amp_enabled":true,"_links":{"self":[{"href":"https:\/\/www.mladibl.com\/index.php?rest_route=\/wp\/v2\/posts\/1146","targetHints":{"allow":["GET"]}}],"collection":[{"href":"https:\/\/www.mladibl.com\/index.php?rest_route=\/wp\/v2\/posts"}],"about":[{"href":"https:\/\/www.mladibl.com\/index.php?rest_route=\/wp\/v2\/types\/post"}],"author":[{"embeddable":true,"href":"https:\/\/www.mladibl.com\/index.php?rest_route=\/wp\/v2\/users\/1"}],"replies":[{"embeddable":true,"href":"https:\/\/www.mladibl.com\/index.php?rest_route=%2Fwp%2Fv2%2Fcomments&post=1146"}],"version-history":[{"count":1,"href":"https:\/\/www.mladibl.com\/index.php?rest_route=\/wp\/v2\/posts\/1146\/revisions"}],"predecessor-version":[{"id":1148,"href":"https:\/\/www.mladibl.com\/index.php?rest_route=\/wp\/v2\/posts\/1146\/revisions\/1148"}],"wp:featuredmedia":[{"embeddable":true,"href":"https:\/\/www.mladibl.com\/index.php?rest_route=\/wp\/v2\/media\/1147"}],"wp:attachment":[{"href":"https:\/\/www.mladibl.com\/index.php?rest_route=%2Fwp%2Fv2%2Fmedia&parent=1146"}],"wp:term":[{"taxonomy":"category","embeddable":true,"href":"https:\/\/www.mladibl.com\/index.php?rest_route=%2Fwp%2Fv2%2Fcategories&post=1146"},{"taxonomy":"post_tag","embeddable":true,"href":"https:\/\/www.mladibl.com\/index.php?rest_route=%2Fwp%2Fv2%2Ftags&post=1146"}],"curies":[{"name":"wp","href":"https:\/\/api.w.org\/{rel}","templated":true}]}}