{"id":114,"date":"2019-10-05T13:00:21","date_gmt":"2019-10-05T11:00:21","guid":{"rendered":"http:\/\/www.mladibl.com\/?p=114"},"modified":"2019-10-07T00:41:08","modified_gmt":"2019-10-06T22:41:08","slug":"poziv-za-prijavu-malih-projekata-ambasada-republike-ceske-u-bih","status":"publish","type":"post","link":"https:\/\/www.mladibl.com\/?p=114","title":{"rendered":"Poziv za prijavu malih projekata (Ambasada Republike \u010ce\u0161ke u BiH)"},"content":{"rendered":"\n<p>Odjeljenje za lokalni ekonomski razvoj i strate\u0161ko planiranje obavje\u0161tava sve zainteresovane da je Ambasada Republike \u010ce\u0161ke u BiH objavila Javni poziv za prijavu malih lokalnih projekata za 2020. godinu.<\/p>\n\n\n\n<p>Poziv je otvoren do 18.oktobra, a projekti treba da budu usmjereni na ekonomski rast sa naglaskom na obnovljive izvore energije i sektor odr\u017eivog kori\u0161tenja prirodnih izvora.<\/p>\n\n\n\n<p>Podnosilac zahtjeva mora biti registrovani pravni subjekt u BiH, \u010dija osnovna djelatnost nije dobit (npr. nevladine organizacije, udru\u017eenja gra\u0111ana, akademske ustanove koje rade na lokalnim projektima, organizacije i agencije koje svoje aktivnosti usmjeravaju na lokalni razvoj).<\/p>\n\n\n\n<p>Detaljne informacije o javnom pozivu dostupne su na sljede\u0107oj internet stranici: <a href=\"https:\/\/www.mzv.cz\/sarajevo\/bs\/Razvojna_saradnja\/mali_lokalni_projekti\/x2019_09_26_vyzva_k_predkladani_navrhu_na_male_lokalni_projekty_2020.html\" target=\"_blank\" rel=\"noreferrer noopener\" aria-label=\" (opens in a new tab)\">https:\/\/www.mzv.cz\/sarajevo\/bs\/Razvojna_saradnja\/mali_lokalni_projekti\/x2019_09_26_vyzva_k_predkladani_navrhu_na_male_lokalni_projekty_2020.html<\/a><\/p>\n\n\n\n<p>Preuzeto sa: <a href=\"http:\/\/www.banjaluka.rs.ba\/%d0%bf%d0%be%d0%b7%d0%b8%d0%b2-%d0%b7%d0%b0-%d0%bf%d1%80%d0%b8%d1%98%d0%b0%d0%b2%d1%83-%d0%bc%d0%b0%d0%bb%d0%b8%d1%85-%d0%bf%d1%80%d0%be%d1%98%d0%b5%d0%ba%d0%b0%d1%82%d0%b0\/\" target=\"_blank\" rel=\"noreferrer noopener\" aria-label=\"Grad Banja Luka (opens in a new tab)\">Grad Banja Luka<\/a><\/p>\n","protected":false},"excerpt":{"rendered":"<p>Odjeljenje za lokalni ekonomski razvoj i strate\u0161ko planiranje obavje\u0161tava sve zainteresovane da je Ambasada Republike \u010ce\u0161ke u BiH objavila Javni<\/p>\n","protected":false},"author":1,"featured_media":115,"comment_status":"closed","ping_status":"open","sticky":false,"template":"","format":"standard","meta":{"om_disable_all_campaigns":false,"_monsterinsights_skip_tracking":false,"_monsterinsights_sitenote_active":false,"_monsterinsights_sitenote_note":"","_monsterinsights_sitenote_category":0,"footnotes":""},"categories":[7],"tags":[39,28,38],"class_list":["post-114","post","type-post","status-publish","format-standard","has-post-thumbnail","hentry","category-grantovi","tag-ceska","tag-konkursi","tag-projekti"],"jetpack_featured_media_url":"https:\/\/www.mladibl.com\/wp-content\/uploads\/2019\/10\/grad-banja-luka.png","amp_enabled":true,"_links":{"self":[{"href":"https:\/\/www.mladibl.com\/index.php?rest_route=\/wp\/v2\/posts\/114","targetHints":{"allow":["GET"]}}],"collection":[{"href":"https:\/\/www.mladibl.com\/index.php?rest_route=\/wp\/v2\/posts"}],"about":[{"href":"https:\/\/www.mladibl.com\/index.php?rest_route=\/wp\/v2\/types\/post"}],"author":[{"embeddable":true,"href":"https:\/\/www.mladibl.com\/index.php?rest_route=\/wp\/v2\/users\/1"}],"replies":[{"embeddable":true,"href":"https:\/\/www.mladibl.com\/index.php?rest_route=%2Fwp%2Fv2%2Fcomments&post=114"}],"version-history":[{"count":1,"href":"https:\/\/www.mladibl.com\/index.php?rest_route=\/wp\/v2\/posts\/114\/revisions"}],"predecessor-version":[{"id":116,"href":"https:\/\/www.mladibl.com\/index.php?rest_route=\/wp\/v2\/posts\/114\/revisions\/116"}],"wp:featuredmedia":[{"embeddable":true,"href":"https:\/\/www.mladibl.com\/index.php?rest_route=\/wp\/v2\/media\/115"}],"wp:attachment":[{"href":"https:\/\/www.mladibl.com\/index.php?rest_route=%2Fwp%2Fv2%2Fmedia&parent=114"}],"wp:term":[{"taxonomy":"category","embeddable":true,"href":"https:\/\/www.mladibl.com\/index.php?rest_route=%2Fwp%2Fv2%2Fcategories&post=114"},{"taxonomy":"post_tag","embeddable":true,"href":"https:\/\/www.mladibl.com\/index.php?rest_route=%2Fwp%2Fv2%2Ftags&post=114"}],"curies":[{"name":"wp","href":"https:\/\/api.w.org\/{rel}","templated":true}]}}