{"id":11286,"date":"2021-07-28T07:12:38","date_gmt":"2021-07-28T05:12:38","guid":{"rendered":"https:\/\/www.mladibl.com\/?p=11286"},"modified":"2021-07-28T07:12:39","modified_gmt":"2021-07-28T05:12:39","slug":"odrzana-sjednica-gradskog-staba-za-vanredne-situacije","status":"publish","type":"post","link":"https:\/\/www.mladibl.com\/?p=11286","title":{"rendered":"Odr\u017eana sjednica Gradskog \u0161taba za vanredne situacije"},"content":{"rendered":"\n<p>Odr\u017eana je sjednica Gradskog \u0161taba za vanredne situacije, na kojoj su pored trenutne epidemiolo\u0161ke situacije razmatrani uslovi za odr\u017eavanje manifestacije \u201e 56. Ko\u010di\u0107ev zbor\u201c.<\/p>\n\n\n\n<p>Na sjednici \u0160taba je konstatovano da je epidemiolo\u0161ka situacija povoljna, ali da je i dalje potrebno pridr\u017eavanje svih mjera koje su trenutno na snazi.<\/p>\n\n\n\n<p>Kada je u pitanju odr\u017eavanje manifestacije \u201e56. Ko\u010di\u0107ev zbor\u201c, \u0160tab je jednoglasno usvojio odluku da se u periodu od 23. do 29. avgusta odr\u017ei pomenuta manifestacija uz obavezno po\u0161tovanje epidemiolo\u0161kih mjera.<\/p>\n\n\n\n<p>Zbog mjera koje su trenutno na snazi, dio manifestacije ne\u0107e mo\u0107i biti odr\u017ean u obimu kao ranijih godina.<\/p>\n\n\n\n<p>Tako\u0111e, Gradski \u0161tab nastavi\u0107e pratiti situaciju u Banjoj Luci, kao i odluke Republi\u010dkog \u0161taba za vanredne situacije.<\/p>\n\n\n\n<p>U skladu sa preporukama struke, Gradski \u0161tab je konstatovao da je imunizacija klju\u010dna u procesu borbe protiv pandemije, te pozvao gra\u0111ane da se vakcini\u0161u.<\/p>\n\n\n\n<p>Preuzeto sa: <a href=\"https:\/\/www.banjaluka.rs.ba\/odrzana-sjednica-gradskog-staba-za-vanredne-situacije\/\" target=\"_blank\" rel=\"noreferrer noopener\">Grad Banja Luka<\/a><\/p>\n","protected":false},"excerpt":{"rendered":"<p>Odr\u017eana je sjednica Gradskog \u0161taba za vanredne situacije, na kojoj su pored trenutne epidemiolo\u0161ke situacije razmatrani uslovi za odr\u017eavanje manifestacije<\/p>\n","protected":false},"author":1,"featured_media":11283,"comment_status":"closed","ping_status":"open","sticky":false,"template":"","format":"standard","meta":{"om_disable_all_campaigns":false,"_monsterinsights_skip_tracking":false,"_monsterinsights_sitenote_active":false,"_monsterinsights_sitenote_note":"","_monsterinsights_sitenote_category":0,"footnotes":""},"categories":[2],"tags":[53,430,1974,400],"class_list":["post-11286","post","type-post","status-publish","format-standard","has-post-thumbnail","hentry","category-vijesti","tag-banja-luka","tag-gradski-stab","tag-sjednica","tag-vanredna-situacija"],"jetpack_featured_media_url":"https:\/\/www.mladibl.com\/wp-content\/uploads\/2021\/07\/Odrzana-sjednica-Gradskog-staba-za-vanredne-situacije.jpg","amp_enabled":true,"_links":{"self":[{"href":"https:\/\/www.mladibl.com\/index.php?rest_route=\/wp\/v2\/posts\/11286","targetHints":{"allow":["GET"]}}],"collection":[{"href":"https:\/\/www.mladibl.com\/index.php?rest_route=\/wp\/v2\/posts"}],"about":[{"href":"https:\/\/www.mladibl.com\/index.php?rest_route=\/wp\/v2\/types\/post"}],"author":[{"embeddable":true,"href":"https:\/\/www.mladibl.com\/index.php?rest_route=\/wp\/v2\/users\/1"}],"replies":[{"embeddable":true,"href":"https:\/\/www.mladibl.com\/index.php?rest_route=%2Fwp%2Fv2%2Fcomments&post=11286"}],"version-history":[{"count":1,"href":"https:\/\/www.mladibl.com\/index.php?rest_route=\/wp\/v2\/posts\/11286\/revisions"}],"predecessor-version":[{"id":11287,"href":"https:\/\/www.mladibl.com\/index.php?rest_route=\/wp\/v2\/posts\/11286\/revisions\/11287"}],"wp:featuredmedia":[{"embeddable":true,"href":"https:\/\/www.mladibl.com\/index.php?rest_route=\/wp\/v2\/media\/11283"}],"wp:attachment":[{"href":"https:\/\/www.mladibl.com\/index.php?rest_route=%2Fwp%2Fv2%2Fmedia&parent=11286"}],"wp:term":[{"taxonomy":"category","embeddable":true,"href":"https:\/\/www.mladibl.com\/index.php?rest_route=%2Fwp%2Fv2%2Fcategories&post=11286"},{"taxonomy":"post_tag","embeddable":true,"href":"https:\/\/www.mladibl.com\/index.php?rest_route=%2Fwp%2Fv2%2Ftags&post=11286"}],"curies":[{"name":"wp","href":"https:\/\/api.w.org\/{rel}","templated":true}]}}