{"id":11268,"date":"2021-07-27T07:02:45","date_gmt":"2021-07-27T05:02:45","guid":{"rendered":"https:\/\/www.mladibl.com\/?p=11268"},"modified":"2021-07-27T07:02:47","modified_gmt":"2021-07-27T05:02:47","slug":"poziv-za-ucesce-fondacija-max-planck-za-medunarodni-mir-i-vladavinu-zakona-heidelberg-njemacka-i-mreza-za-izgradnju-mira","status":"publish","type":"post","link":"https:\/\/www.mladibl.com\/?p=11268","title":{"rendered":"Poziv za u\u010de\u0161\u0107e \u2013 Fondacija Max Planck za me\u0111unarodni mir i vladavinu zakona (Heidelberg, Njema\u010dka) i Mre\u017ea za izgradnju mira"},"content":{"rendered":"\n<p>Fondacija Max Planck za me\u0111unarodni mir i vladavinu zakona i Mre\u017ea za izgradnju mira, partnerska organizacija u Bosni i Hercegovini, najavljuju projekat \u201eA STRATEGIC APPROACH TO YOUTH ORIENTED FUTURE IN BIH\u201c i objavljuju poziv za u\u010de\u0161\u0107e u projektu za sve zainteresovane nevladine organizacije i pojedince_ke aktivne u poljima kao \u0161to su izgradnja mira, pomirenje, mladi i mediji.<\/p>\n\n\n\n<p>AKTIVNOSTI I ZA\u0160TO TREBATE BITI DIO PROJEKTA:<\/p>\n\n\n\n<p>Na\u0161 projekat traje do decembra 2022. godine.<\/p>\n\n\n\n<p>Pozivamo raznoliku grupu aktivista_kinja \u2013 mladih ili iskusnih \u2013 da se okupe i razmijene mi\u0161ljenja i iskustva.<\/p>\n\n\n\n<p>Bit \u0107ete dio grupe istomi\u0161ljenika \u017eeljnih promjena, raznolikih u pogledu lokacije, politi\u010dke i druge pozadine, ali ujedinjeni u ideji da sukobi iz pro\u0161losti i nacionalisti\u010dka retorika vi\u0161e ne\u0107e oblikovati svakodnevicu i da budu\u0107nost mora odra\u017eavati potrebe i ideje mladih.<\/p>\n\n\n\n<p>\u017delimo uspostaviti platformu za sve organizacije u BiH koje rade na izgradnji mira. \u017delimo olak\u0161ati prostor u kojem mladi iz cijele BiH mogu razgovarati o onome \u0161to ih spaja i raditi na zajedni\u010dkim inicijativama i pozitivnim promjenama. \u017delimo poja\u010dati njihov glas tako da se \u010duju, tako da se njihov glas ne mo\u017ee zanemariti.<\/p>\n\n\n\n<p>Od septembra 2021. do decembra 2022. odr\u017eat \u0107e se osam dvodnevnih sastanaka u Sarajevu, kao i u drugim gradovima.<\/p>\n\n\n\n<p>Ukoliko \u017eelite saznati vi\u0161e o aktivnostima i projektu, po\u0161aljite nam email i rado \u0107emo podijeliti vi\u0161e informacija s vama.<\/p>\n\n\n\n<p>DODATNE INFORMACIJE:<\/p>\n\n\n\n<p>U oktobru 2018. godine, Fondacija Max Planck je zapo\u010dela svoje aktivnosti u Bosni i Hercegovini. Prva inicijativa zavr\u0161ila je u decembru 2019. godine i sprovedena je pod nazivom \u201eStrate\u0161ki pristup tranzicijskoj pravdi i pomirenju\u201c. U osnovi, sastojao se od dijaloga sa organizacijama civilnog dru\u0161tva aktivnim na polju izgradnje mira i predstavnicima_cama vlada Federacije BiH, Republike Srpske i Br\u010dko Distrikta.<\/p>\n\n\n\n<p>Inicijativa je ponovo pokazala da vi\u0161e od 25 godina nakon Daytonskog mirovnog sporazuma Bosna i Hercegovina ostaje podijeljena zemlja i pomirenje izme\u0111u razli\u010ditih naroda i grupa jo\u0161 uvijek traje. O\u017eiljci rata nisu zarasli, ekonomske perspektive su jako lo\u0161e, a mladi ljudi \u017eele napustiti BiH.<\/p>\n\n\n\n<p>Vlade i politi\u010dari ne rade na pobolj\u0161anju situacije. Umjesto stvaranja na\u010dina za pomirenje, da bi svi ljudi \u017eivjeli u harmoniji i radili za bolju budu\u0107nost, svakodnevno se mo\u017ee \u010duti rasplamsavanje i nacionalisti\u010dka retorika.<\/p>\n\n\n\n<p>Mnogi ljudi, i mla\u0111i i stariji, su ulo\u017eili mnogo nade i rada kako bi bi proces pridru\u017eivanja Europskoj uniji (EU) mogao donijeti promjene. Me\u0111utim, pridru\u017eivanje EU se jo\u0161 uvijek vidi kao neizvjesna opcija negdje u budu\u0107nosti. Istodobno, ljudi u BiH ne vide da EU aktivno doprinosi procesu pomirenja.<\/p>\n\n\n\n<p>Mnoge organizacije civilnog dru\u0161tva (OCD) rade fantasti\u010dan posao u vo\u0111enju raznolikog spektra aktivnosti na izgradnji mira. Me\u0111utim, koliko god bili veliki ovi pojedina\u010dni projekti, njihov ukupni uticaj ostaje marginalan. Jedan od razloga je taj \u0161to OCD rade izolirano jedna od druge umjesto da stvaraju jedinstveni glas koji se ne mo\u017ee zanemariti.<\/p>\n\n\n\n<p>Fondacija Max Planck, zajedno sa partnerskom organizacijom, Mre\u017eom za izgradnju mira, \u017eele to promijeniti. \u017delimo okupiti organizacije civilnog dru\u0161tva kako bi me\u0111usobno razgovarali o tome kako prekinuti izolaciju i kako zajedno biti ja\u010di. Pozivamo organizacije civilnog dru\u0161tva posve\u0107ene miru i jednakosti da se uklju\u010de u strate\u0161ki dijalog o boljoj budu\u0107nosti bez mr\u017enje i etni\u010dkih podjela. Apelujemo posebno na omladinske organizacije. Mladi ljudi u BiH su ti koji \u010dine budu\u0107nost ove zemlje, kako odlaskom ili ostankom, tako i \u017eivotom u sukobu i podjeli ili \u017eivotom u miru i prosperitetu.<\/p>\n\n\n\n<p>Mre\u017ea za izgradnju mira<\/p>\n\n\n\n<p>Elma Demir, voditeljica projekta elma.demir@mreza-mira.net<\/p>\n\n\n\n<p>Nermina Trbonja, konsultantica trbonja.nermina@gmail.com<\/p>\n\n\n\n<p>Fondacija Max Planck<\/p>\n\n\n\n<p>Dr. Daniel Heilmann, \u0161ef LLM projekta<\/p>\n\n\n\n<p>Fondacija Max Planck za me\u0111unarodni mir i vladavinu zakona Telefon: +49 6221 91404 39<\/p>\n\n\n\n<p>Skype: mpfpr.heilmann https:\/\/www.mpfpr.de\/ heilmann@mpfpr.de<\/p>\n\n\n\n<p>Patrick Schneider Me\u0111unarodni konsultant Telefon: +44 1722 238864<\/p>\n\n\n\n<p>+49 163 2229307<\/p>\n\n\n\n<p>Skype: schneider.mpfpr schneider@mpfpr.de<\/p>\n\n\n\n<p>Preuzeto sa: <a href=\"https:\/\/snagalokalnog.ba\/poziv-za-ucesce-fondacija-max-planck-za-medjunarodni-mir-i-vladavinu-zakona-heidelberg-njemacka-i-mreza-za-izgradnju-mira\/\" target=\"_blank\" rel=\"noreferrer noopener\">snagalokalnog.ba<\/a><\/p>\n","protected":false},"excerpt":{"rendered":"<p>Fondacija Max Planck za me\u0111unarodni mir i vladavinu zakona i Mre\u017ea za izgradnju mira, partnerska organizacija u Bosni i Hercegovini,<\/p>\n","protected":false},"author":1,"featured_media":11238,"comment_status":"closed","ping_status":"open","sticky":false,"template":"","format":"standard","meta":{"om_disable_all_campaigns":false,"_monsterinsights_skip_tracking":false,"_monsterinsights_sitenote_active":false,"_monsterinsights_sitenote_note":"","_monsterinsights_sitenote_category":0,"footnotes":""},"categories":[370],"tags":[1564,355,1788],"class_list":["post-11268","post","type-post","status-publish","format-standard","has-post-thumbnail","hentry","category-ostalo","tag-nevladine-organizacije","tag-poziv","tag-ucesce"],"jetpack_featured_media_url":"https:\/\/www.mladibl.com\/wp-content\/uploads\/2021\/07\/Poziv-za-ucesce-\u2013-Fondacija-Max-Planck-za-medunarodni-mir-i-vladavinu-zakona-Heidelberg-Njemacka-i-Mreza-za-izgradnju-mira.jpg","amp_enabled":true,"_links":{"self":[{"href":"https:\/\/www.mladibl.com\/index.php?rest_route=\/wp\/v2\/posts\/11268","targetHints":{"allow":["GET"]}}],"collection":[{"href":"https:\/\/www.mladibl.com\/index.php?rest_route=\/wp\/v2\/posts"}],"about":[{"href":"https:\/\/www.mladibl.com\/index.php?rest_route=\/wp\/v2\/types\/post"}],"author":[{"embeddable":true,"href":"https:\/\/www.mladibl.com\/index.php?rest_route=\/wp\/v2\/users\/1"}],"replies":[{"embeddable":true,"href":"https:\/\/www.mladibl.com\/index.php?rest_route=%2Fwp%2Fv2%2Fcomments&post=11268"}],"version-history":[{"count":1,"href":"https:\/\/www.mladibl.com\/index.php?rest_route=\/wp\/v2\/posts\/11268\/revisions"}],"predecessor-version":[{"id":11269,"href":"https:\/\/www.mladibl.com\/index.php?rest_route=\/wp\/v2\/posts\/11268\/revisions\/11269"}],"wp:featuredmedia":[{"embeddable":true,"href":"https:\/\/www.mladibl.com\/index.php?rest_route=\/wp\/v2\/media\/11238"}],"wp:attachment":[{"href":"https:\/\/www.mladibl.com\/index.php?rest_route=%2Fwp%2Fv2%2Fmedia&parent=11268"}],"wp:term":[{"taxonomy":"category","embeddable":true,"href":"https:\/\/www.mladibl.com\/index.php?rest_route=%2Fwp%2Fv2%2Fcategories&post=11268"},{"taxonomy":"post_tag","embeddable":true,"href":"https:\/\/www.mladibl.com\/index.php?rest_route=%2Fwp%2Fv2%2Ftags&post=11268"}],"curies":[{"name":"wp","href":"https:\/\/api.w.org\/{rel}","templated":true}]}}