{"id":11264,"date":"2021-07-27T06:58:58","date_gmt":"2021-07-27T04:58:58","guid":{"rendered":"https:\/\/www.mladibl.com\/?p=11264"},"modified":"2021-07-27T06:58:59","modified_gmt":"2021-07-27T04:58:59","slug":"foto-takmicenje-mojekulturnoblago","status":"publish","type":"post","link":"https:\/\/www.mladibl.com\/?p=11264","title":{"rendered":"Foto takmi\u010denje #MojeKulturnoBlago"},"content":{"rendered":"\n<p>Kultura i umjetnost pru\u017eaju spas i uto\u010di\u0161te od svakodnevnice nude\u0107i svakom pojedincu jedinstvenu viziju \u017eivota, budu\u0107nosti i su\u0161tine. Koliko \u010desto se zapitamo da li znamo dovoljno o kulturnoj ba\u0161tini na\u0161e zemlje? Da li smo dovoljno upoznati sa njenom bogatom tradicijom, naslije\u0111em, kulturnim i prirodnim ljepotama?<\/p>\n\n\n\n<p>Evropska unija kontinuirano djeluje na osna\u017eivanju kulturnih i kreativnih sektora i uva\u017eavanju zna\u010daja kulture u povezivanju zajedni\u010dkog identiteta, vrijednosti i evropske budu\u0107nosti.<\/p>\n\n\n\n<p>U skladu s tim, Info centar Evropske unije u Bosni i Hercegovini poziva sve zainteresovane gra\u0111ane da u\u010destvuju u nagradnom foto tami\u010denju #MojeKulturnoBlago i prika\u017eu zna\u010daj kulture u svojim \u017eivotima!<\/p>\n\n\n\n<p>Propozicije i pravila nagradnog takmi\u010denja<\/p>\n\n\n\n<p>\u010cLAN 1: ORGANIZATOR<\/p>\n\n\n\n<p>Info centar Evropske unije u BiH, Skenderija 3a, Sarajevo, Bosna i Hercegovina, (u daljem tekstu: Organizator) ovim putem javno objavljuje pravila za Nagradno foto takmi\u010denje #MojeKulturnoBlago u 2021. godini (u daljem tekstu: Nagradno takmi\u010denje). U\u010de\u0161\u0107em u ovom Nagradnom takmi\u010denju, u\u010desnici prihvataju ova Pravila.<\/p>\n\n\n\n<p>\u010cLAN 2: TRAJANJE NAGRADNOG TAKMI\u010cENJA<\/p>\n\n\n\n<p>Nagradno foto takmi\u010denje \u0107e se realizovati od 22.7.2021. od 12:00 sati do 31.8.2021. do 23:59 sati.<\/p>\n\n\n\n<p>\u010cLAN 3: PRAVO U\u010cE\u0160\u0106A<\/p>\n\n\n\n<p>Pravo u\u010de\u0161\u0107a u Nagradnom takmi\u010denju imaju svi gra\u0111ani, koji su dr\u017eavljani Bosne i Hercegovine i s prebivali\u0161tem u Bosni i Hercegovini, osim uposlenika Info centra Evropske unije u BiH i Ureda Evropske unije u Bosni i Hercegovini, te \u010dlanova njihovih u\u017eih porodica (u daljem tekstu: U\u010desnik).<\/p>\n\n\n\n<p>\u010cLAN 4: KAKO U\u010cESTVOVATI U NAGRADNOM TAKMI\u010cENJU<\/p>\n\n\n\n<p>Rok za prijavu na takmi\u010denje je 31. august 2021. Prijave pristigle poslije navedenog datuma se ne\u0107e uzeti u razmatranje;<\/p>\n\n\n\n<p>Fotografije: Minimalan broj fotografija po u\u010desniku je tri (3), dok je maksimalan broj fotografija po u\u010desniku pet (5).<\/p>\n\n\n\n<p>Prate\u0107i tekst (minimalno 150 rije\u010di, maksimalno 750 rije\u010di).<\/p>\n\n\n\n<p>Fotografije i prate\u0107i tekst je potrebno objaviti na vlastitom Facebook profilu, obavezno koristiti #MojeKulturnoBlago, tagovati @euinfo.ba, nazna\u010diti lokaciju na kojoj su fotografije napravljene i provjeriti da je objava javna kako bismo vas mogli prona\u0107i.<\/p>\n\n\n\n<p>Fotografije donose 70% finalne ocjene, a ocjenjivat \u0107e se: povezanost sa temom, originalnost i vizuelni dojam.<\/p>\n\n\n\n<p>Prate\u0107i tekst donosi 30% finalne ocjene, a ocjenjivat \u0107e se: povezanost sa temom, originalnost i knji\u017eevni izri\u010daj.<\/p>\n\n\n\n<p>Tema fotografije i prate\u0107eg teksta je zna\u010daj kulture, tradicije i ba\u0161tine u \u017eivotu pojedinca i lokalne zajednice te va\u017enost po\u0161tivanja i promocije kulturne ba\u0161tine. Originalnim i kreativnim prijavama potrebno je prikazati zna\u010daj kulture za unapre\u0111enje kvalitete \u017eivota.<\/p>\n\n\n\n<p>Fotografije i prate\u0107i tekst moraju biti autenti\u010dni i originalni. Svi oblici plagiranja vode do diskvalifikacije.<\/p>\n\n\n\n<p>Samo fotografije koje ranije nisu objavljene i koje nisu u\u010destvovale u drugim takmi\u010denjima mogu biti prijavljene u ovom takmi\u010denju.<\/p>\n\n\n\n<p>Svi u\u010desnici takmi\u010denja trebaju pratiti Facebook profil EUIC @euinfo.ba<\/p>\n\n\n\n<p>Sve prijave pristigle nakon isteka roka za predaju ne\u0107e se uzimati u razmatranje.<\/p>\n\n\n\n<p>Sve prijave automatski postaju vlasni\u0161tvo Organizatora. U razmatranje \u0107e se uzimati samo one prijave koje budu pripremljene i predate u skladu s ovdje navedenim Pravilima.<\/p>\n\n\n\n<p>Nakon 31. augusta 2021., komisija \u0107e izabrati 10 finalista koji \u0107e se takmi\u010diti u zavr\u0161nom krugu glasanja, te izabrati tri pobjednika. Izlo\u017eba pobjedni\u010dkih radova i dodjela nagrada \u0107e biti odr\u017eana u septembru 2021. godine.<\/p>\n\n\n\n<p>Radovi finalista \u0107e biti objavljeni na internet stranici Info centra Evropske unije u Bosni i Hercegovini (www.euinfo.ba).<\/p>\n\n\n\n<p>\u010cLAN 5: NAGRADNI FOND<\/p>\n\n\n\n<p>Na osnovu odredbi ovih Pravila, nagrade \u0107e biti dodijeljene za tri najbolje prijave koje osvoje najve\u0107i broj glasova komisije.<\/p>\n\n\n\n<p>Autori prva tri mjesta \u0107e imati priliku da dobiju digitalne fotoaparate ili pametne telefone.<\/p>\n\n\n\n<p>Vrijednost nagrada je: 1 mjesto \u2013 1.300,00 KM; 2 mjesto \u2013 1.000,00 KM i 3.mjesto \u2013 700,00 KM.<\/p>\n\n\n\n<p>Finalisti takmi\u010denja \u0107e osvojiti poklon pakete.<\/p>\n\n\n\n<p>\u010cLAN 6: IZBOR I PROGLA\u0160ENJE POBJEDNIKA<\/p>\n\n\n\n<p>Komisija za procjenu prijava na Nagradno takmi\u010denje \u0107e bodovati svaku va\u017ee\u0107u pristiglu prijavu, ocjenjuju\u0107i tekstualni i vizuelni sadr\u017eaj U\u010desnika.<\/p>\n\n\n\n<p>Pobjednici \u0107e biti progla\u0161eni najvi\u0161e 7 dana od isteka roka za prijavu. Pobjednici \u0107e biti kontaktirani putem Facebook profila te \u0107e njihova imena (bez osobnih podataka) biti ogla\u0161ena na dru\u0161tvenim mre\u017eama i internet stranici EUIC.<\/p>\n\n\n\n<p>\u010cLAN 7: PONA\u0160ANJE NA DRU\u0160TVENIM MRE\u017dAMA U SKLADU S PRAVILIMA<\/p>\n\n\n\n<p>U\u010desnici Nagradnog takmi\u010denja i pobjednici trebaju se pridr\u017eavati pravila pona\u0161anja na dru\u0161tvenim mre\u017eama i drugim oblicima i kanalima Internet i javnih komunikacija.<\/p>\n\n\n\n<p>Organizator zadr\u017eava pravo da isklju\u010di U\u010desnika iz takmi\u010denja ili diskvalifikuje pobjednika bez navo\u0111enja posebnog razloga, ako taj u\u010desnik osobno ili kroz njegove\/njene profile na dru\u0161tvenim mre\u017eama poka\u017ee znakove neprimjerene komunikacije ili prekr\u0161i navedena pravila.<\/p>\n\n\n\n<p>Organizator nije odgovoran za bilo kakve tehni\u010dke probleme u vezi sa u\u010de\u0161\u0107em u takmi\u010denju.<\/p>\n\n\n\n<p>\u010cLAN 8: PUBLICITET I OBRADA PODATAKA<\/p>\n\n\n\n<p>U\u010de\u0161\u0107em u ovom Nagradnom takmi\u010denju, U\u010desnici su saglasni da se, ako postanu pobjednici, njihovo ime i slika mogu od strane Organizatora objaviti i koristiti bez naknade u online, \u0161tampanom, zvu\u010dnom i video materijalu. U\u010destvovanjem u ovom nagradnom takmi\u010denju, U\u010desnici su saglasni da pristaju na obradu svih li\u010dnih podataka unesenih u aplikaciju. Obrada li\u010dnih podataka podrazumijeva arhiviranje podataka u svrhu kontaktiranja pobjednika te dokaza o u\u010de\u0161\u0107u u Nagradnom takmi\u010denju. Organizator se obavezuje postupati s li\u010dnim podacima u skladu s Op\u0107om uredbom Evropske unije o za\u0161titi podataka i privatnosti osoba.<\/p>\n\n\n\n<p>\u010cLAN 9: IZMJENE I PREKID NAGRADNOG TAKMI\u010cENJA<\/p>\n\n\n\n<p>Nagradno takmi\u010denje mo\u017ee se izmijeniti ili prekinuti u slu\u010daju nastupa okolnosti za koje Organizator nije odgovoran, odnosno koje nije mogao predvidjeti, sprije\u010diti, otkloniti ili izbje\u0107i. U\u010desnici \u0107e o izmjenama ili prekidu Nagradnog takmi\u010denja biti obavje\u0161teni putem dru\u0161tvenih mre\u017ea i internet stranice Organizatora.<\/p>\n\n\n\n<p>\u010cLAN 10: POREZI<\/p>\n\n\n\n<p>Pobjednici ne snosi nikakve tro\u0161kove poreza, obaveza niti naknade direktno povezane s nagradama dodijeljenim na ovom Nagradnom takmi\u010denju.<\/p>\n\n\n\n<p>Preuzeto sa: <a href=\"https:\/\/euinfo.ba\/bs\/foto-takmicenje-mojekulturnoblago\" target=\"_blank\" rel=\"noreferrer noopener\">euinfo.ba<\/a><\/p>\n","protected":false},"excerpt":{"rendered":"<p>Kultura i umjetnost pru\u017eaju spas i uto\u010di\u0161te od svakodnevnice nude\u0107i svakom pojedincu jedinstvenu viziju \u017eivota, budu\u0107nosti i su\u0161tine. Koliko \u010desto<\/p>\n","protected":false},"author":1,"featured_media":11240,"comment_status":"closed","ping_status":"open","sticky":false,"template":"","format":"standard","meta":{"om_disable_all_campaigns":false,"_monsterinsights_skip_tracking":false,"_monsterinsights_sitenote_active":false,"_monsterinsights_sitenote_note":"","_monsterinsights_sitenote_category":0,"footnotes":""},"categories":[1462],"tags":[5040,5512,171],"class_list":["post-11264","post","type-post","status-publish","format-standard","has-post-thumbnail","hentry","category-takmicenja","tag-foto","tag-moje-kulturno-blago","tag-takmicenje"],"jetpack_featured_media_url":"https:\/\/www.mladibl.com\/wp-content\/uploads\/2021\/07\/Foto-takmicenje-MojeKulturnoBlago.jpg","amp_enabled":true,"_links":{"self":[{"href":"https:\/\/www.mladibl.com\/index.php?rest_route=\/wp\/v2\/posts\/11264","targetHints":{"allow":["GET"]}}],"collection":[{"href":"https:\/\/www.mladibl.com\/index.php?rest_route=\/wp\/v2\/posts"}],"about":[{"href":"https:\/\/www.mladibl.com\/index.php?rest_route=\/wp\/v2\/types\/post"}],"author":[{"embeddable":true,"href":"https:\/\/www.mladibl.com\/index.php?rest_route=\/wp\/v2\/users\/1"}],"replies":[{"embeddable":true,"href":"https:\/\/www.mladibl.com\/index.php?rest_route=%2Fwp%2Fv2%2Fcomments&post=11264"}],"version-history":[{"count":1,"href":"https:\/\/www.mladibl.com\/index.php?rest_route=\/wp\/v2\/posts\/11264\/revisions"}],"predecessor-version":[{"id":11265,"href":"https:\/\/www.mladibl.com\/index.php?rest_route=\/wp\/v2\/posts\/11264\/revisions\/11265"}],"wp:featuredmedia":[{"embeddable":true,"href":"https:\/\/www.mladibl.com\/index.php?rest_route=\/wp\/v2\/media\/11240"}],"wp:attachment":[{"href":"https:\/\/www.mladibl.com\/index.php?rest_route=%2Fwp%2Fv2%2Fmedia&parent=11264"}],"wp:term":[{"taxonomy":"category","embeddable":true,"href":"https:\/\/www.mladibl.com\/index.php?rest_route=%2Fwp%2Fv2%2Fcategories&post=11264"},{"taxonomy":"post_tag","embeddable":true,"href":"https:\/\/www.mladibl.com\/index.php?rest_route=%2Fwp%2Fv2%2Ftags&post=11264"}],"curies":[{"name":"wp","href":"https:\/\/api.w.org\/{rel}","templated":true}]}}