{"id":11256,"date":"2021-07-27T06:42:44","date_gmt":"2021-07-27T04:42:44","guid":{"rendered":"https:\/\/www.mladibl.com\/?p=11256"},"modified":"2021-07-27T06:42:45","modified_gmt":"2021-07-27T04:42:45","slug":"aktivkult-kamp-2021","status":"publish","type":"post","link":"https:\/\/www.mladibl.com\/?p=11256","title":{"rendered":"AktivKULT kamp 2021"},"content":{"rendered":"\n<p>Tradicionalni AktivKULT kamp se napokon nastavlja! U periodu 6.8-11.8.2021 na prostoru budu\u0107eg Ljetnog trening centra za mlade, na obali jezera Vidara, odr\u017eat \u0107e se omladinski kamp \u201cOtkrij sebe\u201d. Kroz \u0161est dana zajedni\u010dkog dru\u017eenja, u\u010denja i omladinskog anga\u017emana nastojat \u0107emo Ti predstaviti benefite rada u civilnom sektoru, kao i ponuditi mogu\u0107nost za usavr\u0161avanje li\u010dnih vje\u0161tina!<\/p>\n\n\n\n<p>Omladinski kamp ove godine realizuju Udru\u017eenje KULT Grada\u010dac, Vije\u0107e Mladih Op\u0107ine Grada\u010dac i Lokalni tim Grada\u010dac Asocijacije Srednjo\u0161kolaca u BiH, uz podr\u0161ku Grada Grada\u010dac i izdvojenih sredstava iz Bud\u017eeta za mlade. Organizatori u potpunosti snose tro\u0161kove hrane, osvje\u017eenja i no\u0107enja!<\/p>\n\n\n\n<p>PRIJAVI SE putem sljede\u0107eg linka: <strong><a href=\"https:\/\/forms.gle\/6Cib9sfmovyGZ1NF9\" target=\"_blank\" rel=\"noreferrer noopener\">https:\/\/forms.gle\/6Cib9sfmovyGZ1NF9<\/a><\/strong> Iskoristite prilike, jer je broj u\u010desnika\/ca ograni\u010den!<\/p>\n\n\n\n<p>Za vi\u0161e informacija nas kontaktirajte putem e-maila: <strong><a href=\"mailto:mladi.kultgradacac@gmail.com\" target=\"_blank\" rel=\"noreferrer noopener\">mladi.kultgradacac@gmail.com<\/a><\/strong><\/p>\n\n\n\n<p>Prijave traju do 30.7.2021.<\/p>\n\n\n\n<figure class=\"wp-block-image size-large\"><img loading=\"lazy\" decoding=\"async\" width=\"810\" height=\"810\" src=\"http:\/\/www.mladibl.com\/wp-content\/uploads\/2021\/07\/AktivKULT-kamp-2021.jpg\" alt=\"\" class=\"wp-image-11244\" srcset=\"https:\/\/www.mladibl.com\/wp-content\/uploads\/2021\/07\/AktivKULT-kamp-2021.jpg 810w, https:\/\/www.mladibl.com\/wp-content\/uploads\/2021\/07\/AktivKULT-kamp-2021-300x300.jpg 300w, https:\/\/www.mladibl.com\/wp-content\/uploads\/2021\/07\/AktivKULT-kamp-2021-150x150.jpg 150w, https:\/\/www.mladibl.com\/wp-content\/uploads\/2021\/07\/AktivKULT-kamp-2021-768x768.jpg 768w\" sizes=\"auto, (max-width: 810px) 100vw, 810px\" \/><\/figure>\n\n\n\n<p>Preuzeto sa: <a href=\"https:\/\/www.mreza-mira.net\/vijesti\/volonterski-angazman-i-internships\/aktivkult-kamp-2021\/\" target=\"_blank\" rel=\"noreferrer noopener\">mreza-mira.net<\/a><\/p>\n","protected":false},"excerpt":{"rendered":"<p>Tradicionalni AktivKULT kamp se napokon nastavlja! U periodu 6.8-11.8.2021 na prostoru budu\u0107eg Ljetnog trening centra za mlade, na obali jezera<\/p>\n","protected":false},"author":1,"featured_media":11244,"comment_status":"closed","ping_status":"open","sticky":false,"template":"","format":"standard","meta":{"om_disable_all_campaigns":false,"_monsterinsights_skip_tracking":false,"_monsterinsights_sitenote_active":false,"_monsterinsights_sitenote_note":"","_monsterinsights_sitenote_category":0,"footnotes":""},"categories":[6],"tags":[5727,1692],"class_list":["post-11256","post","type-post","status-publish","format-standard","has-post-thumbnail","hentry","category-dogadjaji","tag-aktivkult","tag-kamp"],"jetpack_featured_media_url":"https:\/\/www.mladibl.com\/wp-content\/uploads\/2021\/07\/AktivKULT-kamp-2021.jpg","amp_enabled":true,"_links":{"self":[{"href":"https:\/\/www.mladibl.com\/index.php?rest_route=\/wp\/v2\/posts\/11256","targetHints":{"allow":["GET"]}}],"collection":[{"href":"https:\/\/www.mladibl.com\/index.php?rest_route=\/wp\/v2\/posts"}],"about":[{"href":"https:\/\/www.mladibl.com\/index.php?rest_route=\/wp\/v2\/types\/post"}],"author":[{"embeddable":true,"href":"https:\/\/www.mladibl.com\/index.php?rest_route=\/wp\/v2\/users\/1"}],"replies":[{"embeddable":true,"href":"https:\/\/www.mladibl.com\/index.php?rest_route=%2Fwp%2Fv2%2Fcomments&post=11256"}],"version-history":[{"count":1,"href":"https:\/\/www.mladibl.com\/index.php?rest_route=\/wp\/v2\/posts\/11256\/revisions"}],"predecessor-version":[{"id":11257,"href":"https:\/\/www.mladibl.com\/index.php?rest_route=\/wp\/v2\/posts\/11256\/revisions\/11257"}],"wp:featuredmedia":[{"embeddable":true,"href":"https:\/\/www.mladibl.com\/index.php?rest_route=\/wp\/v2\/media\/11244"}],"wp:attachment":[{"href":"https:\/\/www.mladibl.com\/index.php?rest_route=%2Fwp%2Fv2%2Fmedia&parent=11256"}],"wp:term":[{"taxonomy":"category","embeddable":true,"href":"https:\/\/www.mladibl.com\/index.php?rest_route=%2Fwp%2Fv2%2Fcategories&post=11256"},{"taxonomy":"post_tag","embeddable":true,"href":"https:\/\/www.mladibl.com\/index.php?rest_route=%2Fwp%2Fv2%2Ftags&post=11256"}],"curies":[{"name":"wp","href":"https:\/\/api.w.org\/{rel}","templated":true}]}}