{"id":11252,"date":"2021-07-27T06:38:29","date_gmt":"2021-07-27T04:38:29","guid":{"rendered":"https:\/\/www.mladibl.com\/?p=11252"},"modified":"2021-07-27T06:38:31","modified_gmt":"2021-07-27T04:38:31","slug":"kamp-omladine-banjaluckog-crvenog-krsta-na-bardaci","status":"publish","type":"post","link":"https:\/\/www.mladibl.com\/?p=11252","title":{"rendered":"Kamp omladine banjalu\u010dkog Crvenog krsta na Barda\u010di"},"content":{"rendered":"\n<p>Po\u010deo je sedmodnevni Kamp omladine Crvenog krsta Banja Luka, koji se odr\u017eava 16. godinu zaredom u prostoru Nau\u010dno-istra\u017eiva\u010dkog centra na Barda\u010di.<\/p>\n\n\n\n<p>Grad Banja Luka je po prvi put uputio finansijsku podr\u0161ku za sprovo\u0111enje redovnih programskih aktivnosti \u2013 odr\u017eavanja radnog kampa ove banjalu\u010dke organizacije.<\/p>\n\n\n\n<p>U Kampu u\u010destvuje 35 u\u010desnika, koji \u0107e u periodu od 24. do 30. jula pro\u0107i obuku iz \u010detiri oblasti rada: pru\u017eanje prve pomo\u0107i, realisti\u010dki prikaz povreda, djelovanja u nesre\u0107ama i promocija humanih vrijednosti koje promovi\u0161e Crveni krst.<\/p>\n\n\n\n<p>Pored obuka iz navedenih oblasti rada, planirana su i predavanja iz oblasti Reproduktivnog zdravlja i Dobrovoljnog davala\u0161tva krvi, te predavanja o zemljotresima, koja \u0107e odr\u017eati predstavnici Odjeljenja za poslove Civilne za\u0161tite Grada Banja Luka.<\/p>\n\n\n\n<p>Kamp, sam po sebi, je radnog karaktera i igra najva\u017eniju ulogu u obuci i motivaciji volontera Crvenog Krsta za sve aktivnosti koje organizacija sprovodi u toku godine, a i svojevrsna je i priprema za djelovanje u vanrednim situacijama koje se ne mogu predvidjeti.<\/p>\n\n\n\n<p>Preuzeto sa: <a href=\"https:\/\/www.banjaluka.rs.ba\/kamp-omladine-banjaluckog-crvenog-krsta\/\" target=\"_blank\" rel=\"noreferrer noopener\">Grad Banja Luka<\/a><\/p>\n","protected":false},"excerpt":{"rendered":"<p>Po\u010deo je sedmodnevni Kamp omladine Crvenog krsta Banja Luka, koji se odr\u017eava 16. godinu zaredom u prostoru Nau\u010dno-istra\u017eiva\u010dkog centra na<\/p>\n","protected":false},"author":1,"featured_media":11246,"comment_status":"closed","ping_status":"open","sticky":false,"template":"","format":"standard","meta":{"om_disable_all_campaigns":false,"_monsterinsights_skip_tracking":false,"_monsterinsights_sitenote_active":false,"_monsterinsights_sitenote_note":"","_monsterinsights_sitenote_category":0,"footnotes":""},"categories":[449],"tags":[53,4516,402,1692,34],"class_list":["post-11252","post","type-post","status-publish","format-standard","has-post-thumbnail","hentry","category-organizacije","tag-banja-luka","tag-bardaca","tag-crveni-krst","tag-kamp","tag-omladina"],"jetpack_featured_media_url":"https:\/\/www.mladibl.com\/wp-content\/uploads\/2021\/07\/Kamp-omladine-banjaluckog-Crvenog-krsta-na-Bardaci.jpg","amp_enabled":true,"_links":{"self":[{"href":"https:\/\/www.mladibl.com\/index.php?rest_route=\/wp\/v2\/posts\/11252","targetHints":{"allow":["GET"]}}],"collection":[{"href":"https:\/\/www.mladibl.com\/index.php?rest_route=\/wp\/v2\/posts"}],"about":[{"href":"https:\/\/www.mladibl.com\/index.php?rest_route=\/wp\/v2\/types\/post"}],"author":[{"embeddable":true,"href":"https:\/\/www.mladibl.com\/index.php?rest_route=\/wp\/v2\/users\/1"}],"replies":[{"embeddable":true,"href":"https:\/\/www.mladibl.com\/index.php?rest_route=%2Fwp%2Fv2%2Fcomments&post=11252"}],"version-history":[{"count":1,"href":"https:\/\/www.mladibl.com\/index.php?rest_route=\/wp\/v2\/posts\/11252\/revisions"}],"predecessor-version":[{"id":11253,"href":"https:\/\/www.mladibl.com\/index.php?rest_route=\/wp\/v2\/posts\/11252\/revisions\/11253"}],"wp:featuredmedia":[{"embeddable":true,"href":"https:\/\/www.mladibl.com\/index.php?rest_route=\/wp\/v2\/media\/11246"}],"wp:attachment":[{"href":"https:\/\/www.mladibl.com\/index.php?rest_route=%2Fwp%2Fv2%2Fmedia&parent=11252"}],"wp:term":[{"taxonomy":"category","embeddable":true,"href":"https:\/\/www.mladibl.com\/index.php?rest_route=%2Fwp%2Fv2%2Fcategories&post=11252"},{"taxonomy":"post_tag","embeddable":true,"href":"https:\/\/www.mladibl.com\/index.php?rest_route=%2Fwp%2Fv2%2Ftags&post=11252"}],"curies":[{"name":"wp","href":"https:\/\/api.w.org\/{rel}","templated":true}]}}