{"id":11215,"date":"2021-07-24T07:55:15","date_gmt":"2021-07-24T05:55:15","guid":{"rendered":"https:\/\/www.mladibl.com\/?p=11215"},"modified":"2021-07-24T07:55:16","modified_gmt":"2021-07-24T05:55:16","slug":"sajam-zaposljavanje-srednjoskolaca-laktasi","status":"publish","type":"post","link":"https:\/\/www.mladibl.com\/?p=11215","title":{"rendered":"Sajam &#8220;Zapo\u0161ljavanje srednjo\u0161kolaca&#8221; Lakta\u0161i"},"content":{"rendered":"\n<p>Pozivamo vas na prvi ikada sajam Zapo\u0161ljavanja srednjo\u0161kolaca u Lakta\u0161ima, koji \u0107e biti odr\u017ean u subotu jula sa po\u010detkom u 18:00.<\/p>\n\n\n\n<p>Koncept sajma je zami\u0161ljen kao svojevrstan \u201espeed meeting\u201c, na kojem \u0107e srednjo\u0161kolci imati priliku da razgovaraju direktno sa poslodavcima, te da dogovore praksu u toku ljeta, za koju \u0107e dobiti i d\u017eeparac.<\/p>\n\n\n\n<p>Ovo je divna prilika za sve mlade srednjo\u0161kolce koji \u017eele da iskoriste ljetni raspust i svoje slobodno vrijeme na jedan zanimljiv na\u010din, a usput i da zarade.<\/p>\n\n\n\n<p>O\u010dekujemo vas u \u0161to ve\u0107em broju.<\/p>\n\n\n\n<figure class=\"wp-block-image size-large\"><img loading=\"lazy\" decoding=\"async\" width=\"744\" height=\"1024\" src=\"http:\/\/www.mladibl.com\/wp-content\/uploads\/2021\/07\/Sajam-zaposlenja-srednjoskolaca-Laktasi-744x1024.jpg\" alt=\"\" class=\"wp-image-11208\" srcset=\"https:\/\/www.mladibl.com\/wp-content\/uploads\/2021\/07\/Sajam-zaposlenja-srednjoskolaca-Laktasi-744x1024.jpg 744w, https:\/\/www.mladibl.com\/wp-content\/uploads\/2021\/07\/Sajam-zaposlenja-srednjoskolaca-Laktasi-218x300.jpg 218w, https:\/\/www.mladibl.com\/wp-content\/uploads\/2021\/07\/Sajam-zaposlenja-srednjoskolaca-Laktasi-768x1057.jpg 768w, https:\/\/www.mladibl.com\/wp-content\/uploads\/2021\/07\/Sajam-zaposlenja-srednjoskolaca-Laktasi.jpg 800w\" sizes=\"auto, (max-width: 744px) 100vw, 744px\" \/><\/figure>\n\n\n\n<p>Ova aktivnost se realizuje zahvaljuju\u0107i podr\u0161ci programa Bosnia and Herzegovina Resilience Initiative (BHRI), koji sprovodi Me\u0111unarodna organizacija za migracije (IOM), uz finansijsku podr\u0161ku Ameri\u010dke agencije za me\u0111unarodni razvoj (USAID) #USAID #IOMBIH #BHRI<\/p>\n","protected":false},"excerpt":{"rendered":"<p>Pozivamo vas na prvi ikada sajam Zapo\u0161ljavanja srednjo\u0161kolaca u Lakta\u0161ima, koji \u0107e biti odr\u017ean u subotu jula sa po\u010detkom u<\/p>\n","protected":false},"author":1,"featured_media":11208,"comment_status":"closed","ping_status":"open","sticky":false,"template":"","format":"standard","meta":{"om_disable_all_campaigns":false,"_monsterinsights_skip_tracking":false,"_monsterinsights_sitenote_active":false,"_monsterinsights_sitenote_note":"","_monsterinsights_sitenote_category":0,"footnotes":""},"categories":[6],"tags":[3968,2557,2635,61,118],"class_list":["post-11215","post","type-post","status-publish","format-standard","has-post-thumbnail","hentry","category-dogadjaji","tag-cdmpl","tag-laktasi-2","tag-sajam","tag-srednjoskolci","tag-zaposljavanje"],"jetpack_featured_media_url":"https:\/\/www.mladibl.com\/wp-content\/uploads\/2021\/07\/Sajam-zaposlenja-srednjoskolaca-Laktasi.jpg","amp_enabled":true,"_links":{"self":[{"href":"https:\/\/www.mladibl.com\/index.php?rest_route=\/wp\/v2\/posts\/11215","targetHints":{"allow":["GET"]}}],"collection":[{"href":"https:\/\/www.mladibl.com\/index.php?rest_route=\/wp\/v2\/posts"}],"about":[{"href":"https:\/\/www.mladibl.com\/index.php?rest_route=\/wp\/v2\/types\/post"}],"author":[{"embeddable":true,"href":"https:\/\/www.mladibl.com\/index.php?rest_route=\/wp\/v2\/users\/1"}],"replies":[{"embeddable":true,"href":"https:\/\/www.mladibl.com\/index.php?rest_route=%2Fwp%2Fv2%2Fcomments&post=11215"}],"version-history":[{"count":1,"href":"https:\/\/www.mladibl.com\/index.php?rest_route=\/wp\/v2\/posts\/11215\/revisions"}],"predecessor-version":[{"id":11216,"href":"https:\/\/www.mladibl.com\/index.php?rest_route=\/wp\/v2\/posts\/11215\/revisions\/11216"}],"wp:featuredmedia":[{"embeddable":true,"href":"https:\/\/www.mladibl.com\/index.php?rest_route=\/wp\/v2\/media\/11208"}],"wp:attachment":[{"href":"https:\/\/www.mladibl.com\/index.php?rest_route=%2Fwp%2Fv2%2Fmedia&parent=11215"}],"wp:term":[{"taxonomy":"category","embeddable":true,"href":"https:\/\/www.mladibl.com\/index.php?rest_route=%2Fwp%2Fv2%2Fcategories&post=11215"},{"taxonomy":"post_tag","embeddable":true,"href":"https:\/\/www.mladibl.com\/index.php?rest_route=%2Fwp%2Fv2%2Ftags&post=11215"}],"curies":[{"name":"wp","href":"https:\/\/api.w.org\/{rel}","templated":true}]}}