{"id":11156,"date":"2021-07-22T10:25:08","date_gmt":"2021-07-22T08:25:08","guid":{"rendered":"https:\/\/www.mladibl.com\/?p=11156"},"modified":"2021-07-22T10:25:09","modified_gmt":"2021-07-22T08:25:09","slug":"odabrano-deset-projekata-za-koje-ce-mladi-dobiti-grant-od-15-000-km","status":"publish","type":"post","link":"https:\/\/www.mladibl.com\/?p=11156","title":{"rendered":"Odabrano deset projekata za koje \u0107e mladi dobiti grant od 15.000 KM"},"content":{"rendered":"\n<p>Tokom zavr\u0161nog dvodnevnog dru\u017eenja odr\u017eanog u okviru projekta \u201eSva lica aktivizma 2.0\u201c, 15. i 16. jula u Petrovu kod Doboja, stru\u010dni \u017eiri odabrao je 10 projektnih prijedloga, odnosno omladinskih zagovara\u010dkih inicijativa, koji \u0107e biti realizovani uz pomo\u0107 granta u ukupnom iznosu od 15,000 KM.<\/p>\n\n\n\n<p>Mladi iz \u0161est op\u0161tina koje su dio projekta (Banjaluka, Kotor Varo\u0161, \u010celinac, Prnjavor, Srbac i Lakta\u0161i) predstavili su ukupno 23 projektna prijedloga \u010diji je cilj da pobolj\u0161aju kvalitet \u017eivota u navedenim op\u0161tinama, odnosno da donesu pozitivne promjene za mladima na lokalnom nivou.<\/p>\n\n\n\n<p>Deset odabranih prijedloga bave se sljede\u0107im temama i problemima:<\/p>\n\n\n\n<ul class=\"wp-block-list\"><li>\u201eSigurnost u saobra\u0107aju\u201c, Banja Luka<\/li><li>\u201eObezbje\u0111ivanje prostora za mlade novinare da u\u010de i doka\u017eu se\u201c, Banja Luka<\/li><li>\u201eDestigmatizacija atipi\u010dnih osoba u na\u0161em dru\u0161tvu\u201c, Banja Luka<\/li><li>Ekologija \u2013 problem sme\u0107a, Prnjavor<\/li><li>\u201eNeosvije\u0161tenost lokalne zajednice o va\u017enosti promocije muzi\u010dkih djela\u201c, Prnjavor<\/li><li>\u201eO\u017eivimo grad umjetno\u0161\u0107u\u201c, \u010celinac<\/li><li>\u201eNezainteresovanost lokalne zajednice za kulturu\u201c, Kotor Varo\u0161<\/li><li>\u201ePove\u0107ano opijanje kod mladih ljudi\u201c, Lakta\u0161i<\/li><li>\u201eNesavjesno odlaganje otpada na javnim povr\u0161inama\u201c, Srbac<\/li><li>\u201eNedovoljna informisanost mladih o aktivnostima i prilikama koje im se pru\u017eaju na lokalnom i regionalnom nivou, te nedovoljna vidljivost\u201c, Srbac<\/li><\/ul>\n\n\n\n<p>Kroz projekat \u201eSva lica Sva lica aktivizma 2.0\u201c, 50 mladih osoba je u\u010destvovalo u radionicama, mentorskim sesijama i dijalozima koje je organizovao Genesis Project iz Banjaluke, a \u010diji je cilj bio da mladi osmisle svoje projekte, odnosno zagovara\u010dke inicijative ili aktivnosti u svojim lokalnim zajednicama.<\/p>\n\n\n\n<p>Na zavr\u0161nom dru\u017eenju u Petrovu, pored predstavljanja svih inicijativa i odabira 10 najboljih, odr\u017eane su i radionice \u201e\u0160ta je zajedni\u010dki problem mladih u 6 ciljnih lokalnih zajednica? \u2013 zajedni\u010dka inicijativa mladih\u201c koju je vodila Tanja Boromisa iz orgaizacije \u201eZdravo da ste\u201c i radionica \u201eUspje\u0161na realizacija omladinskih projekata\u201c pod vodstvom Branke Ivanovi\u0107, direktorice \u201eIN Fondacije\u201c.<\/p>\n\n\n\n<p>Aktivnostima u sklopu projekta \u201eSva lica aktivizma 2.0\u201c \u017eeli se pobolj\u0161ati kapaciteti i gra\u0111anski anga\u017eman mladih aktivista iz \u0161est ciljnih op\u0161tina u zalaganju za pozitivne promjene koje donose korist mladima na lokalnoj razini, kako bi im se pru\u017eila otpornost i kreativnost u prevladavanju psiholo\u0161kih i motivacijskih izazova koji proizlaze iz nesigurnosti vezane za COVID-19 pandemiju. Projekat realizuje organizacija \u201eGenesis Project\u201c iz Banjaluke, zahvaljuju\u0107i podr\u0161ci programa Bosnia and Herzegovina Resilience Initiative (BHRI), koji sprovodi Me\u0111unarodna organizacija za migracije (IOM), uz finansijsku podr\u0161ku Ameri\u010dke agencije za me\u0111unarodni razvoj (USAID).<\/p>\n\n\n\n<p>Preuzeto sa: <a href=\"https:\/\/www.mreza-mira.net\/vijesti\/aktivnosti-mreze\/odabrano-deset-projekata-za-koje-ce-mladi-dobiti-grant-od-15-000-km\/\" target=\"_blank\" rel=\"noreferrer noopener\">mreza-mira.net<\/a><\/p>\n","protected":false},"excerpt":{"rendered":"<p>Tokom zavr\u0161nog dvodnevnog dru\u017eenja odr\u017eanog u okviru projekta \u201eSva lica aktivizma 2.0\u201c, 15. i 16. jula u Petrovu kod Doboja,<\/p>\n","protected":false},"author":1,"featured_media":11134,"comment_status":"closed","ping_status":"open","sticky":false,"template":"","format":"standard","meta":{"om_disable_all_campaigns":false,"_monsterinsights_skip_tracking":false,"_monsterinsights_sitenote_active":false,"_monsterinsights_sitenote_note":"","_monsterinsights_sitenote_category":0,"footnotes":""},"categories":[370],"tags":[1730,33,5690,828],"class_list":["post-11156","post","type-post","status-publish","format-standard","has-post-thumbnail","hentry","category-ostalo","tag-grant","tag-mladi","tag-odabrani","tag-sva-lica-aktivizma"],"jetpack_featured_media_url":"https:\/\/www.mladibl.com\/wp-content\/uploads\/2021\/07\/Odabrano-deset-projekata-za-koje-ce-mladi-dobiti-grant-od-15.000-KM.jpg","amp_enabled":true,"_links":{"self":[{"href":"https:\/\/www.mladibl.com\/index.php?rest_route=\/wp\/v2\/posts\/11156","targetHints":{"allow":["GET"]}}],"collection":[{"href":"https:\/\/www.mladibl.com\/index.php?rest_route=\/wp\/v2\/posts"}],"about":[{"href":"https:\/\/www.mladibl.com\/index.php?rest_route=\/wp\/v2\/types\/post"}],"author":[{"embeddable":true,"href":"https:\/\/www.mladibl.com\/index.php?rest_route=\/wp\/v2\/users\/1"}],"replies":[{"embeddable":true,"href":"https:\/\/www.mladibl.com\/index.php?rest_route=%2Fwp%2Fv2%2Fcomments&post=11156"}],"version-history":[{"count":1,"href":"https:\/\/www.mladibl.com\/index.php?rest_route=\/wp\/v2\/posts\/11156\/revisions"}],"predecessor-version":[{"id":11157,"href":"https:\/\/www.mladibl.com\/index.php?rest_route=\/wp\/v2\/posts\/11156\/revisions\/11157"}],"wp:featuredmedia":[{"embeddable":true,"href":"https:\/\/www.mladibl.com\/index.php?rest_route=\/wp\/v2\/media\/11134"}],"wp:attachment":[{"href":"https:\/\/www.mladibl.com\/index.php?rest_route=%2Fwp%2Fv2%2Fmedia&parent=11156"}],"wp:term":[{"taxonomy":"category","embeddable":true,"href":"https:\/\/www.mladibl.com\/index.php?rest_route=%2Fwp%2Fv2%2Fcategories&post=11156"},{"taxonomy":"post_tag","embeddable":true,"href":"https:\/\/www.mladibl.com\/index.php?rest_route=%2Fwp%2Fv2%2Ftags&post=11156"}],"curies":[{"name":"wp","href":"https:\/\/api.w.org\/{rel}","templated":true}]}}