{"id":11154,"date":"2021-07-22T10:22:48","date_gmt":"2021-07-22T08:22:48","guid":{"rendered":"https:\/\/www.mladibl.com\/?p=11154"},"modified":"2021-07-22T10:22:49","modified_gmt":"2021-07-22T08:22:49","slug":"biramo-najbolji-video-zapis-na-temu-ljetni-eko-odmor","status":"publish","type":"post","link":"https:\/\/www.mladibl.com\/?p=11154","title":{"rendered":"Biramo najbolji video zapis na temu \u201eLjetni eko odmor\u201c"},"content":{"rendered":"\n<p>U okviru projekta \u201cMisli o prirodi!\u201d, Centar za promociju civilnog dru\u0161tva (CPCD) poziva mlade osobe (od 13 do 30 godina) da kratkim video zapisom u trajanju od minimalno 15 sekundi i maksimalno 60 sekundi u\u010destvuju u nagradnom video takmi\u010denju \u201eLjetni eko odmor\u201c.<\/p>\n\n\n\n<p>Ideja ovog video takmi\u010denja \u201eLjetni eko odmor\u201c jeste da mladi poka\u017eu svojim primjerima u narednom ljetnom periodu kako se zahvaljuju, poma\u017eu i \u017eive prirodu (na primjer sadnjom drve\u0107a, smanjenjem sopstvenog karbonskog otiska \u2013 \u0161tednjom toplote i elektri\u010dne energije, razdvajanjem otpada i recikliranjem, kori\u0161tenjem organskih i biorazgradivih materijala, razumijevanjem prirode putuju\u0107i biciklom i drugim transportnim sredstvima koja ne emituju \u0161tetne gasove, preno\u0161enjem svojih iskustava i znanja na druge osobe, upotrebom zdrave i organske kozmetike, zdravom ishranom i na\u010dinom \u017eivota, itd).<\/p>\n\n\n\n<p>Svoj kreativan i umjetni\u010dki iskaz mogu pokazati upravo kroz kratki video uredak koji \u0107e biti potrebno objaviti na svom (otvorenom) Instagram profilu uz ozna\u010davanje na\u0161e Instagram stranice https:\/\/www.instagram.com\/mislioprirodi\/ na video zapis kao i u opis videa.<\/p>\n\n\n\n<p>Krajnji rok za objavljivanje video uredaka je 25.7.2021. godine kada \u0107e tro\u010dlana komisija odabrati 9 najboljih i objaviti na Instagram stranici <strong><a href=\"https:\/\/www.instagram.com\/mislioprirodi\/\" target=\"_blank\" rel=\"noreferrer noopener\">https:\/\/www.instagram.com\/mislioprirodi\/<\/a><\/strong> te \u0107e zapo\u010deti javno glasanje za najbolji video uredak, a koje \u0107e trajati 14 dana (od 28.7. do 10.8.2021. godine).<\/p>\n\n\n\n<p>Pet video snimaka sa najve\u0107im brojem validnih komentara, uz klju\u010dne rije\u010di #ljetniekoodmor i #mislioprirodi, dobit \u0107e nagrade:<\/p>\n\n\n\n<ol class=\"wp-block-list\"><li>nagrada: Digitalni fotoaparat set<\/li><li>nagrada: Smart telefon<\/li><li>nagrada: Hoverboard<\/li><li>i 5. nagrada: Moderni ruksak od reciklirane plastike<\/li><\/ol>\n\n\n\n<p>Pravila takmi\u010denja:<\/p>\n\n\n\n<ul class=\"wp-block-list\"><li>Nagradno video takmi\u010denje \u201eLjetni eko odmor\u201c je otvoreno za sve gra\u0111ane i gra\u0111anke Bosne i Hercegovine uzrasta od 13 do 30 godina;<\/li><li>Potrebno je dostaviti saglasnost od roditelja za finaliste koji su maloljetni;<\/li><li>Rok za prijavu video zapisa na takmi\u010denje je 25. juli 2021. godine do 23:59 sati. Prijave pristigle poslije navedenog datuma se ne\u0107e uzeti u razmatranje;<\/li><li>Gra\u0111ani\/ke mogu u\u010destvovati na takmi\u010denju putem svog otvorenog Instagram profila koji \u0107e takav ostati do kraja ovog takmi\u010denja;<\/li><\/ul>\n\n\n\n<p>Smjernice za u\u010de\u0161\u0107e i kriterij za odabir pobjednika:<\/p>\n\n\n\n<p>\u2013 Napravite video zapis koji oslikava va\u0161u zahvalnost, pomo\u0107\/podr\u0161ku ili \u017eivljenje prirode na vama svojstven na\u010din u ovom ljetnom periodu (od 02. do 25. jula 2021. godine).<\/p>\n\n\n\n<p>\u2013 Postavite video zapis i objavite ga na svom instagram profilu sa oznakom na\u0161eg Instagram profila Mislioprirodi.<\/p>\n\n\n\n<p>\u2013 U opisu video zapisa ozna\u010dite na\u0161 Instagram profil Mislioprirodi i dodajte #thinknature #swedeninbih, te nazna\u010dite:<\/p>\n\n\n\n<p>ime i prezime autora rada<br>lokaciju\/e nastanka video zapisa<br>\u2013 U takmi\u010denju u\u010desnik\/ca mo\u017ee biti predstavljen\/a samo sa jednim video zapisom.<\/p>\n\n\n\n<p>\u2013 Svi u\u010desnici\/e takmi\u010denja trebaju zapratiti (follow) Instagram stranicu Mislioprirodi sve do trajanja ovog takmi\u010denja.<\/p>\n\n\n\n<p>\u2013 Video zapisi moraju biti autenti\u010dni i originalni, dok \u0107e svi oblici plagiranja video zapisa biti diskvalifikovani iz daljeg takmi\u010denja.<\/p>\n\n\n\n<p>\u2013 Isklju\u010divo video zapisi koji ranije nisu objavljeni i koji nisu u\u010destvovali u drugim konkursima mogu u\u010destvovati na takmi\u010denju.<\/p>\n\n\n\n<p>\u2013 Glasanje za 9 odabranih video zapisa koji \u0107e biti objavljeni na na\u0161oj Instagram stranici Mislioprirodi po\u010dinje 28.7. i traje do 10.8.2021. godine. Glasa se koriste\u0107i klju\u010dne rije\u010di #ljetniekoodmor i #mislioprirodi u komentaru tog video zapisa.<\/p>\n\n\n\n<p>\u2013 Validan glas je onaj komentar koji sadr\u017ei #ljetniekoodmor i #mislioprirodi u komentaru tog video zapisa, a koji ne postavlja ista osoba 2 puta za isti video zapis.<\/p>\n\n\n\n<p>Nakon 25. jula 2021. godine, komisija \u0107e izabrati 9 video zapisa prema utvr\u0111enim kategorijama koji \u0107e se takmi\u010diti u zavr\u0161nom krugu glasanja od 28.7. do 10.8.2021. godine.<\/p>\n\n\n\n<p>Kriterijumi za odabir najboljih video zapisa su sljede\u0107i:<\/p>\n\n\n\n<p>\u2013 Uskla\u0111enost prijava sa temom izazova<\/p>\n\n\n\n<p>\u2013 Kreativnost prijava<\/p>\n\n\n\n<p>\u2013 Ispunjenost svih pravila<\/p>\n\n\n\n<p>\u2013 Kompozicija prijava<\/p>\n\n\n\n<p>\u2013 Promocija odr\u017eivog razvoja i po\u0161tivanje o\u010duvanja prirode<\/p>\n\n\n\n<p>\u2013 Autenti\u010dnost video zapisa<\/p>\n\n\n\n<p>CPCD i tim projekta \u201cMisli o prirodi!\u201d \u0107e odabranih 9 video zapise podijeliti na svom zvani\u010dnom Instagram profilu uz ozna\u010davanje (\u201etagovanje\u201c) Instagram profila u\u010desnika\/ca.<\/p>\n\n\n\n<p>CPCD i tim projekta \u201cMisli o prirodi!\u201d zadr\u017eavaju pravo da objave\/podijele do najvi\u0161e 1 video zapis po u\u010desniku\/ci na svojoj Instagram dru\u0161tvenoj mre\u017ei.<\/p>\n\n\n\n<p>Finalnih 9 video zapisa \u0107e biti postavljeno na Instagram stranici Mislioprirodi gdje \u0107e gra\u0111ani\/ke mo\u0107i glasati za svoj omiljeni video zapis u periodu od 28. jula do 10. augusta 2021. godine do 23:59 sati.<\/p>\n\n\n\n<p>U\u010desnici takmi\u010denja koji se budu koristili bilo kojim oblikom manipulacije u procesu glasanja \u0107e biti diskvalifikovani\/e.<\/p>\n\n\n\n<p>U\u010destvovanje u takmi\u010denju nije dozvoljeno zaposlenicima\/ama Centra za promociju civilnog dru\u0161tva (CPCD), te \u010dlanovima\/cama njihovih porodica;<\/p>\n\n\n\n<p>Nagrade \u0107e biti dodijeljene za 5 video zapisa koji osvoje najve\u0107i broj validnih komentara ispod objavljenog video zapisa na na\u0161oj Instagram stranici Mislioprirodi.<\/p>\n\n\n\n<p>Prijavom na takmi\u010denje u\u010desnici garantuju:<\/p>\n\n\n\n<p>\u2013 da su objavljeni video zapisi njihovo originalno djelo;<\/p>\n\n\n\n<p>\u2013 da su svi li\u010dni podaci ta\u010dni;<\/p>\n\n\n\n<p>\u2013 da u\u010desnik\/ca takmi\u010denja prihvata sva pravila navedena ovdje.<\/p>\n\n\n\n<p>Progla\u0161enje dobitnika je predvi\u0111eno 16.8.2021. a dodajela nagrada \u0107e biti na godi\u0161njoj konferenciji u augustu 2021.godine.<\/p>\n\n\n\n<p>Ovo takmi\u010denje \u201eLjetni eko odmor\u201c se provodi u okviru trogodi\u0161njeg projekta \u201cMisli o prirodi!\u201d koji finansira \u0160vedska, a implementira Centar za promociju civilnog dru\u0161tva. Osnovni cilj projekta \u201cMisli o prirodi!\u201d jeste pove\u0107ati uticaj civilnog dru\u0161tva u za\u0161titi okoli\u0161a kroz umre\u017eavanje organizacija civilnog dru\u0161tva, institucija, stru\u010dnih lica, \u0161kola, medija i mladih za zajedni\u010dko, sinhronizirano i sna\u017eno djelovanje na lokalnom nivou.<\/p>\n\n\n\n<p>Preuzeto sa: <a href=\"https:\/\/mislioprirodi.ba\/biramo-najbolji-video-zapis-na-temu-ljetni-eko-odmor\/\" target=\"_blank\" rel=\"noreferrer noopener\">mislioprirodi.ba<\/a><\/p>\n","protected":false},"excerpt":{"rendered":"<p>U okviru projekta \u201cMisli o prirodi!\u201d, Centar za promociju civilnog dru\u0161tva (CPCD) poziva mlade osobe (od 13 do 30 godina)<\/p>\n","protected":false},"author":1,"featured_media":11135,"comment_status":"closed","ping_status":"open","sticky":false,"template":"","format":"standard","meta":{"om_disable_all_campaigns":false,"_monsterinsights_skip_tracking":false,"_monsterinsights_sitenote_active":false,"_monsterinsights_sitenote_note":"","_monsterinsights_sitenote_category":0,"footnotes":""},"categories":[1462],"tags":[5689,214,5688],"class_list":["post-11154","post","type-post","status-publish","format-standard","has-post-thumbnail","hentry","category-takmicenja","tag-ljetni-eko-odmor","tag-misli-o-prirodi","tag-najbolji-video-zapis"],"jetpack_featured_media_url":"https:\/\/www.mladibl.com\/wp-content\/uploads\/2021\/07\/Biramo-najbolji-video-zapis-na-temu-\u201eLjetni-eko-odmor.jpg","amp_enabled":true,"_links":{"self":[{"href":"https:\/\/www.mladibl.com\/index.php?rest_route=\/wp\/v2\/posts\/11154","targetHints":{"allow":["GET"]}}],"collection":[{"href":"https:\/\/www.mladibl.com\/index.php?rest_route=\/wp\/v2\/posts"}],"about":[{"href":"https:\/\/www.mladibl.com\/index.php?rest_route=\/wp\/v2\/types\/post"}],"author":[{"embeddable":true,"href":"https:\/\/www.mladibl.com\/index.php?rest_route=\/wp\/v2\/users\/1"}],"replies":[{"embeddable":true,"href":"https:\/\/www.mladibl.com\/index.php?rest_route=%2Fwp%2Fv2%2Fcomments&post=11154"}],"version-history":[{"count":1,"href":"https:\/\/www.mladibl.com\/index.php?rest_route=\/wp\/v2\/posts\/11154\/revisions"}],"predecessor-version":[{"id":11155,"href":"https:\/\/www.mladibl.com\/index.php?rest_route=\/wp\/v2\/posts\/11154\/revisions\/11155"}],"wp:featuredmedia":[{"embeddable":true,"href":"https:\/\/www.mladibl.com\/index.php?rest_route=\/wp\/v2\/media\/11135"}],"wp:attachment":[{"href":"https:\/\/www.mladibl.com\/index.php?rest_route=%2Fwp%2Fv2%2Fmedia&parent=11154"}],"wp:term":[{"taxonomy":"category","embeddable":true,"href":"https:\/\/www.mladibl.com\/index.php?rest_route=%2Fwp%2Fv2%2Fcategories&post=11154"},{"taxonomy":"post_tag","embeddable":true,"href":"https:\/\/www.mladibl.com\/index.php?rest_route=%2Fwp%2Fv2%2Ftags&post=11154"}],"curies":[{"name":"wp","href":"https:\/\/api.w.org\/{rel}","templated":true}]}}