{"id":1102,"date":"2020-04-04T20:12:22","date_gmt":"2020-04-04T18:12:22","guid":{"rendered":"http:\/\/www.mladibl.com\/?p=1102"},"modified":"2020-04-04T20:12:25","modified_gmt":"2020-04-04T18:12:25","slug":"stize-4-000-zastitnih-vizira-za-medicinske-radnike","status":"publish","type":"post","link":"https:\/\/www.mladibl.com\/?p=1102","title":{"rendered":"Sti\u017ee 4.000 za\u0161titnih vizira za medicinske radnike"},"content":{"rendered":"\n<p>\u200bMinistar za nau\u010dnotehnolo\u0161ki razvoj, visoko obrazovanje i informaciono dru\u0161tvo Republike Srpske Sr\u0111an Raj\u010devi\u0107 izjavio je danas da \u0107e u saradnji sa Inovacionim centrom Banjaluka biti zavr\u0161eno sklapanje 500 za\u0161titnih vizira za medicinsko osoblje u Srpskoj koji su izra\u0111eni upotrebom tri-de \u0161tampa\u010da.<\/p>\n\n\n\n<p>Pokrenuli smo novu inicijativu, a to je isporuka 4.000 za\u0161titnih vizira za na\u0161e medicinsko osoblje koje je na prvoj liniji borbe protiv virusa korona. Rije\u010d je o okvirima koji se \u0161tampaju na tri-de \u0161tampa\u010dima, a isporu\u010dila ih je asocijacija <code>Vizionari Srbije<\/code>&#8211; istakao je Raj\u010devi\u0107.<\/p>\n\n\n\n<p>On je dodao da za\u0161titne vizire u prostorijama Inovacionog centra Banjaluka sklapaju zaposleni u tom centru, Ministarstvu za nau\u010dnotehnolo\u0161ki razvoj, visoko obrazovanje i informaciono dru\u0161tvo i firmama koje djeluju u okviru inkubatora Inovacionog centra.<\/p>\n\n\n\n<p>O\u010dekujemo da \u0107emo danas sklopiti i isporu\u010diti prvih 500 komada, a preostalih 3.500 do 8. aprila &#8211; naglasio je Raj\u010devi\u0107.<\/p>\n\n\n\n<p>Prema njegovim rije\u010dima, u ovo krizno vrijeme svako treba dati doprinos u oblasti za koju je zadu\u017een, navode\u0107i da u ministarstvu na \u010dijem je \u010delu smatraju da je vrijeme krize ujedno i vrijeme za dru\u0161tvenu odgovornost.<\/p>\n\n\n\n<p>U skladu sa tim smo odmah poslije preduzimanja prvih mjera u vezi sa \u0161irenjem virusa korona inicirali nekoliko projekata u saradnji sa dru\u0161tveno odgovornim kompanijama i ustanovama koje su pod na\u0161om nadle\u017eno\u0161\u0107u &#8211; rekao je Raj\u010devi\u0107.<\/p>\n\n\n\n<p>On je podsjetio da su ju\u010de u dogovoru sa tri najve\u0107e kompanije u sektoru telekomunikacija i informaciono-komunikacionih tehnologija, &#8220;M:telom&#8221;, &#8220;Prointerom&#8221; i &#8220;Lanakom&#8221;, koji u potpunosti finansiraju projekat, obezbijedili 1.000 ra\u010dunara koji \u0107e biti podijeljeni \u0111acima u izrazito nerazvijenim op\u0161tinama u Srpskoj.<\/p>\n\n\n\n<p>Time \u0107emo im omogu\u0107iti ne samo nesmetano pra\u0107enje onlajn nastave, nego ih i podsticati na prva programerska iskustva i oblikovati u ljude koji \u0107e spremno do\u010dekati decenije nakon ove epidemije &#8211; ka\u017ee Raj\u010devi\u0107.<\/p>\n\n\n\n<p>Prema njegovim rije\u010dima, prvih dana epidemije virusa korona na banjalu\u010dkom Prirodno-matemati\u010dkom fakultetu je pokrenuta izrada za\u0161titnih vizira putem tri-de \u0161tampe.<\/p>\n\n\n\n<p>Njih izra\u0111uju 24 \u010dasa dnevno sopstvenim kapacitetima. Putem donacije koju smo obezbijedili od <code>M:tela<\/code> o\u010dekujemo isporuku ovom fakultetu jo\u0161 dva tri-de \u0161tampa\u010da najnovije generacije za iste potrebe &#8211; rekao je Raj\u010devi\u0107.<\/p>\n\n\n\n<p>On je podsjetio da su ranije sa &#8220;M:telom&#8221; dogovorili pogodnosti za u\u010denike i studente kao \u0161to je pristup portalu Radio-televizije Republike Srpske za osnovce, te po 15 gigabajta mobilnog interneta za srednjo\u0161kolce.<\/p>\n\n\n\n<p>\u017delim da zahvalim ovim kompanijama za njihov odziv na\u0161im inicijativama i donacijama. U ovoj situaciji \u0107e se, osim svih negativnih efekata, pojaviti i jedan pozitivan, a to je \u0161ira upotreba modernih tehnologija s ciljem njenog prevazila\u017eenja &#8211; ka\u017ee Raj\u010devi\u0107.<\/p>\n\n\n\n<p>Preuzeto sa: <a href=\"https:\/\/vladars.net\/sr-SP-Cyrl\/Vlada\/Ministarstva\/mnk\/media\/vijesti\/Pages\/viziri.aspx\" target=\"_blank\" rel=\"noreferrer noopener\" aria-label=\"Ministarstvo za nau\u010dnotehnolo\u0161ki razvoj, visoko obrazovanje i informaciono dru\u0161tvo (opens in a new tab)\">Ministarstvo za nau\u010dnotehnolo\u0161ki razvoj, visoko obrazovanje i informaciono dru\u0161tvo<\/a><\/p>\n","protected":false},"excerpt":{"rendered":"<p>\u200bMinistar za nau\u010dnotehnolo\u0161ki razvoj, visoko obrazovanje i informaciono dru\u0161tvo Republike Srpske Sr\u0111an Raj\u010devi\u0107 izjavio je danas da \u0107e u saradnji<\/p>\n","protected":false},"author":1,"featured_media":1103,"comment_status":"closed","ping_status":"open","sticky":false,"template":"","format":"standard","meta":{"om_disable_all_campaigns":false,"_monsterinsights_skip_tracking":false,"_monsterinsights_sitenote_active":false,"_monsterinsights_sitenote_note":"","_monsterinsights_sitenote_category":0,"footnotes":""},"categories":[31],"tags":[276,446,447],"class_list":["post-1102","post","type-post","status-publish","format-standard","has-post-thumbnail","hentry","category-ministarstva","tag-icbl","tag-medicinski-radnici","tag-zastitni-viziri"],"jetpack_featured_media_url":"https:\/\/www.mladibl.com\/wp-content\/uploads\/2020\/04\/Sti\u017ee-4.000-za\u0161titnih-vizira-za-medicinske-radnike.jpg","amp_enabled":true,"_links":{"self":[{"href":"https:\/\/www.mladibl.com\/index.php?rest_route=\/wp\/v2\/posts\/1102","targetHints":{"allow":["GET"]}}],"collection":[{"href":"https:\/\/www.mladibl.com\/index.php?rest_route=\/wp\/v2\/posts"}],"about":[{"href":"https:\/\/www.mladibl.com\/index.php?rest_route=\/wp\/v2\/types\/post"}],"author":[{"embeddable":true,"href":"https:\/\/www.mladibl.com\/index.php?rest_route=\/wp\/v2\/users\/1"}],"replies":[{"embeddable":true,"href":"https:\/\/www.mladibl.com\/index.php?rest_route=%2Fwp%2Fv2%2Fcomments&post=1102"}],"version-history":[{"count":1,"href":"https:\/\/www.mladibl.com\/index.php?rest_route=\/wp\/v2\/posts\/1102\/revisions"}],"predecessor-version":[{"id":1104,"href":"https:\/\/www.mladibl.com\/index.php?rest_route=\/wp\/v2\/posts\/1102\/revisions\/1104"}],"wp:featuredmedia":[{"embeddable":true,"href":"https:\/\/www.mladibl.com\/index.php?rest_route=\/wp\/v2\/media\/1103"}],"wp:attachment":[{"href":"https:\/\/www.mladibl.com\/index.php?rest_route=%2Fwp%2Fv2%2Fmedia&parent=1102"}],"wp:term":[{"taxonomy":"category","embeddable":true,"href":"https:\/\/www.mladibl.com\/index.php?rest_route=%2Fwp%2Fv2%2Fcategories&post=1102"},{"taxonomy":"post_tag","embeddable":true,"href":"https:\/\/www.mladibl.com\/index.php?rest_route=%2Fwp%2Fv2%2Ftags&post=1102"}],"curies":[{"name":"wp","href":"https:\/\/api.w.org\/{rel}","templated":true}]}}