{"id":10972,"date":"2021-07-13T12:26:10","date_gmt":"2021-07-13T10:26:10","guid":{"rendered":"https:\/\/www.mladibl.com\/?p=10972"},"modified":"2021-07-13T12:26:11","modified_gmt":"2021-07-13T10:26:11","slug":"radionica-za-novinare-i-novinarke-energetska-tranzicija-najveci-izazov-za-odrzivo-i-pravedno-snabdijevanje-energijom-u-bih","status":"publish","type":"post","link":"https:\/\/www.mladibl.com\/?p=10972","title":{"rendered":"Radionica za novinare i novinarke: Energetska tranzicija \u2013 najve\u0107i izazov za odr\u017eivo i pravedno snabdijevanje energijom u BiH"},"content":{"rendered":"\n<p>Energetska tranzicija je kompleksan politi\u010dki, ekonomski, tehnolo\u0161ki i socijalni proces transformacije na\u010dina na koji proizvodimo i koristimo energiju. U \u0161irem smislu podrazumijeva i zna\u010dajne promjene u na\u010dinu \u017eivota ljudi.<\/p>\n\n\n\n<p>Dosada\u0161nji globalni lider energetske tranzicije je bila EU, a najnoviji cilj koji je usvojen u institucijama EU je da do 2050. godine Evropa postane prvi klimatski neutralan kontinent. Za o\u010dekivati je da \u0107e EU promovisati, zahtijevati i podr\u017eavati sli\u010dne procese u drugim zemljama Evrope, a posebno u zemljama kandidatima za \u010dlanstvo u EU (npr. zemlje Zapadnog Balkana).<\/p>\n\n\n\n<p>S ciljem unapre\u0111enja vidljivosti i razumijevanja energetske tranzicije u BiH, zna\u010daja i hitnosti tog procesa, njegovih nosioca i posljedicama odga\u0111anja reformi u energetskom sektoru po privredu i \u017eivote gra\u0111ana u BiH, ReSET Centar za odr\u017eivu energetsku tranziciju i Mediacentar Sarajevo organizuju radionicu za novinare i novinarke posve\u0107enu profesionalnom i nau\u010dno utemeljenom izvje\u0161tavanju o energetskoj tranziciji.<\/p>\n\n\n\n<p>Polaznici radionice \u0107e imati priliku saznati vi\u0161e o pojmu energetske tranzicije \u2013 \u0161ta ona podrazumijeva i \u0161ta zna\u010di za ekonomski razvoj, kakve prilike donosi za razvoj privrede u BiH, kvalitet \u017eivota gra\u0111ana i gra\u0111anki u BiH; ko su klju\u010dni nosioci procesa, ko te procese usporava i zadr\u017eava i za\u0161to, te na koji na\u010din energetska tranzicija uti\u010de na za\u0161titu okoline u zemlji.<\/p>\n\n\n\n<p>Radionica \u0107e se odr\u017eati 22. jula 2021., u hotelu Zenica (Kamberovi\u0107a \u010dikma b.b), u Zenici.<\/p>\n\n\n\n<p>Tro\u0161kove putovanja i smje\u0161taja za u\u010desnike kojima je potreban pokriva organizator.<\/p>\n\n\n\n<p>Prijavite se do 19. jula 2021. putem maila: <strong><a href=\"mailto:kontakt@media.ba\" target=\"_blank\" rel=\"noreferrer noopener\">kontakt@media.ba<\/a><\/strong>, uz naznaku &#8220;Prijava za radionicu o energetskoj tranziciji&#8221;.<\/p>\n\n\n\n<p>Agenda radionice:<\/p>\n\n\n\n<p>11.00 \u2013 11.15 Registracija u\u010desnika<\/p>\n\n\n\n<p>11.15 \u2013 12.15 Svi drumom a mi \u0161umom<br>Predavanje i diskusija posve\u0107eni klimatskim promjenama, relevantnim de\u0161avanjima vezanim za energetsku tranziciju u BiH i svijetu<\/p>\n\n\n\n<p>Mirza Ku\u0161ljugi\u0107, stru\u010dnjak za energetsku tranziciju, ReSET Centar za odr\u017eivu energetsku tranziciju<\/p>\n\n\n\n<p>12.15 \u2013 12.30 Pauza<\/p>\n\n\n\n<p>12.30 \u2013 13.30 Evolucija ili revolucija\u2026tranzicija kao zadnja \u0161ansa<\/p>\n\n\n\n<p>\u0160ta se krije iza tranzicije, ko su akteri a ko ko\u010dni\u010dari, kakve su posljedice \u010dinjenja i ne\u010dinjenja, da li je tranzicija isplativa i kome; predavanje i diskusija<\/p>\n\n\n\n<p>Damir Miljevi\u0107, stru\u010dnjak za energetsku tranziciju, ReSET Centar za odr\u017eivu energetsku tranziciju<\/p>\n\n\n\n<p>13.30 \u2013 14.15 Ru\u010dak<\/p>\n\n\n\n<p>14.15 \u2013 15.15 Za\u0161to udi\u0161emo smrt \u2013 uticaj energetike na okoli\u0161 i zdravlje<\/p>\n\n\n\n<p>Smanjenje emisija \u2013 kako ga posti\u0107i i na koji na\u010din bi uticalo na kvalitet \u017eivota u BiH, LCPD direktiva i posljedice, ekolo\u0161ke sanacije termoenergetskih objekata<\/p>\n\n\n\n<p>Maja \u010colovi\u0107 Daul, ekspertica za za\u0161titu \u017eivotne sredine, ReSET Centar za odr\u017eivu energetsku tranziciju<\/p>\n\n\n\n<p>15.15 \u2013 15.30 Evaluacija i zaklju\u010dci<\/p>\n\n\n\n<p>Radionica se odr\u017eava uz podr\u0161ku Fonda otvoreno dru\u0161tvo BiH.<\/p>\n\n\n\n<p>Za dodatne informacije kontaktirajte nas putem maila: <strong><a href=\"mailto:kontakt@media.ba\" target=\"_blank\" rel=\"noreferrer noopener\">kontakt@media.ba<\/a><\/strong><\/p>\n\n\n\n<p>Preuzeto sa: <a href=\"https:\/\/www.media.ba\/bs\/event\/radionica-za-novinare-i-novinarke-energetska-tranzicija-najveci-izazov-za-odrzivo-i-pravedno\" target=\"_blank\" rel=\"noreferrer noopener\">media.ba<\/a><\/p>\n","protected":false},"excerpt":{"rendered":"<p>Energetska tranzicija je kompleksan politi\u010dki, ekonomski, tehnolo\u0161ki i socijalni proces transformacije na\u010dina na koji proizvodimo i koristimo energiju. U \u0161irem<\/p>\n","protected":false},"author":1,"featured_media":10960,"comment_status":"closed","ping_status":"open","sticky":false,"template":"","format":"standard","meta":{"om_disable_all_campaigns":false,"_monsterinsights_skip_tracking":false,"_monsterinsights_sitenote_active":false,"_monsterinsights_sitenote_note":"","_monsterinsights_sitenote_category":0,"footnotes":""},"categories":[6],"tags":[2343,185,712,23],"class_list":["post-10972","post","type-post","status-publish","format-standard","has-post-thumbnail","hentry","category-dogadjaji","tag-energetska-tranzicija","tag-novinari","tag-novinarke","tag-radionica"],"jetpack_featured_media_url":"https:\/\/www.mladibl.com\/wp-content\/uploads\/2021\/07\/Radionica-za-novinare-i-novinarke_-Energetska-tranzicija-\u2013-najveci-izazov-za-odrzivo-i-pravedno-snabdijevanje-energijom-u-BiH.jpg","amp_enabled":true,"_links":{"self":[{"href":"https:\/\/www.mladibl.com\/index.php?rest_route=\/wp\/v2\/posts\/10972","targetHints":{"allow":["GET"]}}],"collection":[{"href":"https:\/\/www.mladibl.com\/index.php?rest_route=\/wp\/v2\/posts"}],"about":[{"href":"https:\/\/www.mladibl.com\/index.php?rest_route=\/wp\/v2\/types\/post"}],"author":[{"embeddable":true,"href":"https:\/\/www.mladibl.com\/index.php?rest_route=\/wp\/v2\/users\/1"}],"replies":[{"embeddable":true,"href":"https:\/\/www.mladibl.com\/index.php?rest_route=%2Fwp%2Fv2%2Fcomments&post=10972"}],"version-history":[{"count":1,"href":"https:\/\/www.mladibl.com\/index.php?rest_route=\/wp\/v2\/posts\/10972\/revisions"}],"predecessor-version":[{"id":10973,"href":"https:\/\/www.mladibl.com\/index.php?rest_route=\/wp\/v2\/posts\/10972\/revisions\/10973"}],"wp:featuredmedia":[{"embeddable":true,"href":"https:\/\/www.mladibl.com\/index.php?rest_route=\/wp\/v2\/media\/10960"}],"wp:attachment":[{"href":"https:\/\/www.mladibl.com\/index.php?rest_route=%2Fwp%2Fv2%2Fmedia&parent=10972"}],"wp:term":[{"taxonomy":"category","embeddable":true,"href":"https:\/\/www.mladibl.com\/index.php?rest_route=%2Fwp%2Fv2%2Fcategories&post=10972"},{"taxonomy":"post_tag","embeddable":true,"href":"https:\/\/www.mladibl.com\/index.php?rest_route=%2Fwp%2Fv2%2Ftags&post=10972"}],"curies":[{"name":"wp","href":"https:\/\/api.w.org\/{rel}","templated":true}]}}