{"id":10750,"date":"2021-07-02T09:25:30","date_gmt":"2021-07-02T07:25:30","guid":{"rendered":"https:\/\/www.mladibl.com\/?p=10750"},"modified":"2021-07-02T09:25:31","modified_gmt":"2021-07-02T07:25:31","slug":"banja-luka-u-znaku-kajaka-i-kanua-pocinje-svjetski-kup-banja-luka-vrbas-2021","status":"publish","type":"post","link":"https:\/\/www.mladibl.com\/?p=10750","title":{"rendered":"Banja Luka u znaku kajaka i kanua: Po\u010dinje Svjetski kup \u201eBanja Luka \u2013 Vrbas 2021\u201c"},"content":{"rendered":"\n<p>Banja Luka \u0107e tokom predstoje\u0107eg vikenda biti u znaku kajaka i kanua, jer \u0107e od 2. do 4. jula trajati Svjetski kup \u201eBanja Luka \u2013 Vrbas 2021\u201c.<\/p>\n\n\n\n<p>\u2013 Bi\u0107e ovo sjajno takmi\u010denje koje \u0107e okupiti preko 200 takmi\u010dara sa \u010detiri kontinenta iz 18 zemalja svijeta i dovesti ih u na\u0161 grad, a svakako to je odli\u010dan na\u010din da Banjoj Luci vratimo epitet \u201egrad sporta\u201c- poru\u010dio je gradona\u010delnik Dra\u0161ko Stanivukovi\u0107<\/p>\n\n\n\n<p>On je istakao da je Grad podr\u017eao ovaj projekat, jer je rije\u010d o odli\u010dnoj ideji, koja promovi\u0161e na\u0161 grad u svijetu i predstavlja ga u najboljem svjetlu.<\/p>\n\n\n\n<p>\u2013 Rijeka Vrbas je ono \u0161to nas okuplja, nedavno smo imali Svjetski kup u raftingu, prije nekoliko dana po\u010dela je i sezona dajaka- jednog od simbola na\u0161eg grada, a Grad \u0107e nastojati da pobolj\u0161ava uslove za rije\u010dne sportove \u2013 te \u0107e u narednom periodu biti raspisana javna nabavka za izgradnju prvog dajak pristani\u0161ta \u2013 rekao je gradona\u010delnik.<\/p>\n\n\n\n<p>Gradona\u010delnik je dodao da \u0107e Grad ulo\u017eiti napore da rijeku Vrbas i njene obale u\u010dini \u010distima, kako bi svi gra\u0111ani, ali i turisti u\u017eivali u njenim ljepotama.<\/p>\n\n\n\n<p>Direktor Svjetskog kupa Nikola Stankovi\u0107 kazao je da je ponosan \u0161to \u0107e Banja Luka uprkos pandemiji ugostiti preko 200 takmi\u010dara iz cijelog svijeta, \u0161to je zaista iznena\u0111uju\u0107i broj.<\/p>\n\n\n\n<p>\u2013 Sutra od 11 \u010dasova kre\u0107e prva sprint trka na stazi kod \u201eStarog mlina\u201c, \u0161to je prvi put da se organizacija ovako zna\u010dajne trke spu\u0161ta u grad, dok je zavr\u0161nog dana u nedjelju planiran spust (klasik) na lokalitetu od Slapa do tvr\u0111ave Kastel-poru\u010dio je Stankovi\u0107<\/p>\n\n\n\n<p>On je kazao da je ovo ujedno i prvo takmi\u010denje koje se organizuje u svijetu od po\u010detka pandemije.<\/p>\n\n\n\n<p>Portparol kompanije m: tel-sponzor ovog takmi\u010denja Milica Kondi\u0107 kazala je da ova kompanija ve\u0107 osam godina ponosno stoji uz Kajak-kanu klub \u201e Vrbas\u201c, te da m:tel podr\u017eava sportske aktivnosti i sportiste koji svojim trudom i radom pokazuju pravi kvalitet.<\/p>\n\n\n\n<p>\u2013 Vjerujem da \u0107e, kao i do sada, organizacija biti na svjetskom nivou, jer su ljudi iz ovog kluba sa svojim timom dokazali da Banja Luka mo\u017ee biti centar sporta i turizma \u2013 mjesto u kojem se mogu organizovati vrhunske stvari.<\/p>\n\n\n\n<p>U cilju nesmetanog odr\u017eavanja ove, za na\u0161 grad zna\u010dajne, sportske manifestacije 2. i 3. jula na lokalitetu kanjona \u201eTijesno\u201c, te na prostoru od ukr\u0161tanja ulica Vojvode Pere Krece i Od Zmijanja Rajka, do skretanja u Ulicu Pere Slijep\u010devi\u0107a planirana su sljede\u0107e izmjene re\u017eima saobra\u0107aja:<\/p>\n\n\n\n<p>Dana 2. jula 2021. godine u periodu od 7.00 do 20.00 \u010dasova, na dionici magistralnog puta puta MI 101 (Karanovac \u2013 Crna Rijeka), na lokalitetu kanjona \u201eTijesno\u201c bi\u0107e obustavljen saobra\u0107aj, izuzev za vozila hitnih slu\u017ebi i autobusa. Za vrijeme obustave saobra\u0107aj \u0107e biti preusmjeren na alternativni putni pravac Banja Luka- \u010ca\u0111avica \u2013 Mrkonji\u0107 Grad<\/p>\n\n\n\n<p>Dana 3. jula 2021. godine u periodu od 7.00 do 20. 00 \u010dasova, od ukr\u0161tanja ulica Vojvode Pere Krece i Od Zmijanja Rajka (autobuska stanica kod Tvornice obu\u0107e \u201eBema\u201c , do skretanja u ulicu Pere Slijep\u010devi\u0107a (Ambulanta u Srpskim Toplicama saobra\u0107aj \u0107e se odvijati naizmjeni\u010dno jednom saobra\u0107ajnom trakom.<\/p>\n\n\n\n<p>Preuzeto sa: <a href=\"https:\/\/www.banjaluka.rs.ba\/banjaluka-u-znaku-kajaka-i-kanua-pocinje-svjetski-kup-banja-luka-vrbas-2021\/\" target=\"_blank\" rel=\"noreferrer noopener\">Grad Banja Luka<\/a><\/p>\n","protected":false},"excerpt":{"rendered":"<p>Banja Luka \u0107e tokom predstoje\u0107eg vikenda biti u znaku kajaka i kanua, jer \u0107e od 2. do 4. jula trajati<\/p>\n","protected":false},"author":1,"featured_media":10744,"comment_status":"closed","ping_status":"open","sticky":false,"template":"","format":"standard","meta":{"om_disable_all_campaigns":false,"_monsterinsights_skip_tracking":false,"_monsterinsights_sitenote_active":false,"_monsterinsights_sitenote_note":"","_monsterinsights_sitenote_category":0,"footnotes":""},"categories":[2],"tags":[53,4723,5292,5540],"class_list":["post-10750","post","type-post","status-publish","format-standard","has-post-thumbnail","hentry","category-vijesti","tag-banja-luka","tag-kajak","tag-svjetski-kup","tag-vrbas-2021"],"jetpack_featured_media_url":"https:\/\/www.mladibl.com\/wp-content\/uploads\/2021\/07\/Banja-Luka-u-znaku-kajaka-i-kanua_-Pocinje-Svjetski-kup-\u201eBanja-Luka-\u2013-Vrbas-2021.jpg","amp_enabled":true,"_links":{"self":[{"href":"https:\/\/www.mladibl.com\/index.php?rest_route=\/wp\/v2\/posts\/10750","targetHints":{"allow":["GET"]}}],"collection":[{"href":"https:\/\/www.mladibl.com\/index.php?rest_route=\/wp\/v2\/posts"}],"about":[{"href":"https:\/\/www.mladibl.com\/index.php?rest_route=\/wp\/v2\/types\/post"}],"author":[{"embeddable":true,"href":"https:\/\/www.mladibl.com\/index.php?rest_route=\/wp\/v2\/users\/1"}],"replies":[{"embeddable":true,"href":"https:\/\/www.mladibl.com\/index.php?rest_route=%2Fwp%2Fv2%2Fcomments&post=10750"}],"version-history":[{"count":1,"href":"https:\/\/www.mladibl.com\/index.php?rest_route=\/wp\/v2\/posts\/10750\/revisions"}],"predecessor-version":[{"id":10751,"href":"https:\/\/www.mladibl.com\/index.php?rest_route=\/wp\/v2\/posts\/10750\/revisions\/10751"}],"wp:featuredmedia":[{"embeddable":true,"href":"https:\/\/www.mladibl.com\/index.php?rest_route=\/wp\/v2\/media\/10744"}],"wp:attachment":[{"href":"https:\/\/www.mladibl.com\/index.php?rest_route=%2Fwp%2Fv2%2Fmedia&parent=10750"}],"wp:term":[{"taxonomy":"category","embeddable":true,"href":"https:\/\/www.mladibl.com\/index.php?rest_route=%2Fwp%2Fv2%2Fcategories&post=10750"},{"taxonomy":"post_tag","embeddable":true,"href":"https:\/\/www.mladibl.com\/index.php?rest_route=%2Fwp%2Fv2%2Ftags&post=10750"}],"curies":[{"name":"wp","href":"https:\/\/api.w.org\/{rel}","templated":true}]}}