{"id":10679,"date":"2021-06-30T08:47:16","date_gmt":"2021-06-30T06:47:16","guid":{"rendered":"https:\/\/www.mladibl.com\/?p=10679"},"modified":"2021-06-30T08:47:17","modified_gmt":"2021-06-30T06:47:17","slug":"poziv-nevladinim-organizacijama-da-zajedno-sa-lets-do-it-timom-organizuju-akcije-ciscenja-povodom-svjetskog-dana-ciscenja","status":"publish","type":"post","link":"https:\/\/www.mladibl.com\/?p=10679","title":{"rendered":"Poziv nevladinim organizacijama da zajedno sa let\u2019s do it timom organizuju akcije \u010di\u0161\u0107enja povodom svjetskog dana \u010di\u0161\u0107enja"},"content":{"rendered":"\n<p>Svake godine se u septembru obilje\u017eava jedan dan posve\u0107en \u010di\u0161\u0107enju planete Zemlje koji je prerastao u veliki globalni ekolo\u0161ki pokret pod nazivom \u201cSvjetski dan \u010di\u0161\u0107enja\u201d a koji u zajedni\u010dkom cilju okuplja 180 zemalja svijeta. Jedna od zemalja u kojoj \u0107e se obilje\u017eiti Svjetski dan \u010di\u0161\u0107enja 18. septembra 2021. godine je i Bosna i Hercegovina, a zvani\u010dni organizator ovih akcija u na\u0161oj zemlji je Let\u2019s Do It tim.<\/p>\n\n\n\n<p>Do sada je u World CleanUp Day-u u\u010destvovalo preko 50 miliona ljudi \u0161irom na\u0161e planete. Obzirom da pokret napreduje i broj volontera se pove\u0107ava iz godine u godinu, i mi smo odlu\u010dili ambiciozno pristupiti organizaciji akcija \u010di\u0161\u0107enja, sa \u017eeljom da u akcije \u010di\u0161\u0107enja uklju\u010dimo veliki broj op\u0107ina i gradova iz na\u0161e zemlje.<\/p>\n\n\n\n<p>Tim povodom Let\u2019s Do It raspisuje poziv za nevladine organizacije da nam se pridru\u017ee u realizaciji aktivnosti Svjetskog dana \u010di\u0161\u0107enja. Kao \u0161to je poznato Let\u2019s Do It ve\u0107 du\u017ei niz godina ima uspje\u0161nu saradnju sa razli\u010ditim lokalnim timovima, tako da se ovaj poziv odnosi isklju\u010divo na registrovane nevladine organizacije iz sljede\u0107ih op\u0107ina\/ gradova: Mostar, Banja Luka, Sanski Most, Ora\u0161je, Livno, Isto\u010dno Sarajevo, Pale, Te\u0161anj, Vi\u0161egrad, Jablanica i Neum.<\/p>\n\n\n\n<p>Javni poziv se otvara 25. juna 2021. godine i ostaje otvoren do 23. jula 2021. godine do 23:59h. Povratnu informaciju o tome da li je va\u0161a organizacija postala partner u organizaciji akcija \u010di\u0161\u0107enja svi prijavljeni dobit \u0107e najkasnije 30. jula. 2021. godine.<\/p>\n\n\n\n<p>\u0160ta o\u010dekujemo od organizacije sa kojom sklopimo saradnju?<\/p>\n\n\n\n<p>Prije svega o\u010dekujemo da je to organizacija sa plemenitim ciljevima i \u017eeljom da doprinese pobolj\u0161anju svoje \u017eivotne sredine, te da ste raspolo\u017eeni za realizaciju akcija \u010di\u0161\u0107enja otpada.<\/p>\n\n\n\n<p>Konkretne aktivnosti za akciju \u010di\u0161\u0107enja koje \u0107e biti zadatak za osobu\/koordinatora koji \u0107e realizovati akciju \u010di\u0161\u0107enja u odre\u0111enom gradu\/op\u0107ini jesu:<\/p>\n\n\n\n<p>\u2013 Odabir potencijalne lokacije za \u010di\u0161\u0107enje;<\/p>\n\n\n\n<p>\u2013 Koordinacija akcije \u010di\u0161\u0107enja na terenu;<\/p>\n\n\n\n<p>\u2013 Komunikacija sa lokalnim komunalnim preduze\u0107ima za odvoz prikupljenog otpada;<\/p>\n\n\n\n<p>\u2013 Animiranje volontera koji \u0107e uzeti u\u010de\u0161\u0107e na akciji 18. septembra.<\/p>\n\n\n\n<p>\u0160ta organizacije sa kojima sklopimo saradnju mogu o\u010dekivati od nas?<\/p>\n\n\n\n<p>Let\u2019s Do It tim obezbijedit \u0107e sav neophodni logisti\u010dki materijal za izvo\u0111enje akcije \u010di\u0161\u0107enja, te upute o na\u010dinu realizacije akcije u skladu sa mogu\u0107nostima i visini prikupljenih donacija i proizvoda za samu akciju \u010di\u0161\u0107enja. Po zavr\u0161etku akcije svi u\u010desnici dobit \u0107e zahvalnice za u\u010de\u0161\u0107e na World CleanUp Day-u 2021. godine, a lokalni koordinatori \u0107e biti pozvani na zavr\u0161nu sve\u010danost povodom zavr\u0161etka akcije \u010di\u0161\u0107enja gdje \u0107e im biti uru\u010deni certifikati.<\/p>\n\n\n\n<p>Ovo je jedinstvena prilika da se me\u0111usobno uve\u017eemo u mre\u017eu volontera koji \u017eele da pobolj\u0161aju stanje okoli\u0161a u svojim sredinama, da o\u010diste ilegalno nakupljani otpad te da svojim primjerom doprinesu pozitivnim promjenama.<\/p>\n\n\n\n<p>Pozivamo i ohrabrujemo sve organizacije koje \u017eele biti dio jubilarne desete Let\u2019s Do It akcije \u010di\u0161\u0107enja u Bosni i Hercegovini i dio najve\u0107eg volonterskog ekolo\u0161kog pokreta u svijetu da ispune kratak online formular i prate dalje upute o uklju\u010divanju u akcije \u010di\u0161\u0107enja.<\/p>\n\n\n\n<p>Link za prijavu organizacije:<\/p>\n\n\n\n<p><strong><a href=\"https:\/\/docs.google.com\/forms\/d\/e\/1FAIpQLSfeRDoVxpBK_VnDBglHoKMh5D_6wzxrt3RVmHSqO1yM0zQW7w\/viewform\" target=\"_blank\" rel=\"noreferrer noopener\">https:\/\/docs.google.com\/forms\/d\/e\/1FAIpQLSfeRDoVxpBK_VnDBglHoKMh5D_6wzxrt3RVmHSqO1yM0zQW7w\/viewform<\/a><\/strong><\/p>\n\n\n\n<p>Ukoliko imate bilo kakvih dodatnih pitanja pi\u0161ite nam na na\u0161u email adresu: <strong><a href=\"mailto:info@ugruke.com\" target=\"_blank\" rel=\"noreferrer noopener\">info@ugruke.com<\/a><\/strong>, a mi \u0107emo se potruditi da vam odgovorimo \u0161to prije.<\/p>\n\n\n\n<p>Let\u2019s Do It \u2013 o\u010distimo zemlju za 1 dan!<\/p>\n\n\n\n<p>Preuzeto sa: <a href=\"https:\/\/www.mreza-mira.net\/vijesti\/eko-vijesti\/poziv-nevladinim-organizacijama-da-zajedno-sa-lets-do-it-timom-organizuju-akcije-ciscenja-povodom-svjetskog-dana-ciscenja\/\" target=\"_blank\" rel=\"noreferrer noopener\">mreza-mira.net<\/a><\/p>\n","protected":false},"excerpt":{"rendered":"<p>Svake godine se u septembru obilje\u017eava jedan dan posve\u0107en \u010di\u0161\u0107enju planete Zemlje koji je prerastao u veliki globalni ekolo\u0161ki pokret<\/p>\n","protected":false},"author":5,"featured_media":10666,"comment_status":"closed","ping_status":"open","sticky":false,"template":"","format":"standard","meta":{"om_disable_all_campaigns":false,"_monsterinsights_skip_tracking":false,"_monsterinsights_sitenote_active":false,"_monsterinsights_sitenote_note":"","_monsterinsights_sitenote_category":0,"footnotes":""},"categories":[6],"tags":[5513,3891,1564,355,5514],"class_list":["post-10679","post","type-post","status-publish","format-standard","has-post-thumbnail","hentry","category-dogadjaji","tag-akcije-ciscenja","tag-lets-do-it","tag-nevladine-organizacije","tag-poziv","tag-svjetski-dan-ciscenja"],"jetpack_featured_media_url":"https:\/\/www.mladibl.com\/wp-content\/uploads\/2021\/06\/Poziv-nevladinim-organizacijama-da-zajedno-sa-lets-do-it-timom-organizuju-akcije-ciscenja-povodom-svjetskog-dana-ciscenja.jpg","amp_enabled":true,"_links":{"self":[{"href":"https:\/\/www.mladibl.com\/index.php?rest_route=\/wp\/v2\/posts\/10679","targetHints":{"allow":["GET"]}}],"collection":[{"href":"https:\/\/www.mladibl.com\/index.php?rest_route=\/wp\/v2\/posts"}],"about":[{"href":"https:\/\/www.mladibl.com\/index.php?rest_route=\/wp\/v2\/types\/post"}],"author":[{"embeddable":true,"href":"https:\/\/www.mladibl.com\/index.php?rest_route=\/wp\/v2\/users\/5"}],"replies":[{"embeddable":true,"href":"https:\/\/www.mladibl.com\/index.php?rest_route=%2Fwp%2Fv2%2Fcomments&post=10679"}],"version-history":[{"count":1,"href":"https:\/\/www.mladibl.com\/index.php?rest_route=\/wp\/v2\/posts\/10679\/revisions"}],"predecessor-version":[{"id":10680,"href":"https:\/\/www.mladibl.com\/index.php?rest_route=\/wp\/v2\/posts\/10679\/revisions\/10680"}],"wp:featuredmedia":[{"embeddable":true,"href":"https:\/\/www.mladibl.com\/index.php?rest_route=\/wp\/v2\/media\/10666"}],"wp:attachment":[{"href":"https:\/\/www.mladibl.com\/index.php?rest_route=%2Fwp%2Fv2%2Fmedia&parent=10679"}],"wp:term":[{"taxonomy":"category","embeddable":true,"href":"https:\/\/www.mladibl.com\/index.php?rest_route=%2Fwp%2Fv2%2Fcategories&post=10679"},{"taxonomy":"post_tag","embeddable":true,"href":"https:\/\/www.mladibl.com\/index.php?rest_route=%2Fwp%2Fv2%2Ftags&post=10679"}],"curies":[{"name":"wp","href":"https:\/\/api.w.org\/{rel}","templated":true}]}}