{"id":10568,"date":"2021-06-26T09:25:06","date_gmt":"2021-06-26T07:25:06","guid":{"rendered":"https:\/\/www.mladibl.com\/?p=10568"},"modified":"2021-06-26T09:25:27","modified_gmt":"2021-06-26T07:25:27","slug":"konferencija-uloga-civilnog-drustva-u-zastiti-okolisa","status":"publish","type":"post","link":"https:\/\/www.mladibl.com\/?p=10568","title":{"rendered":"Konferencija \u201cUloga civilnog dru\u0161tva u za\u0161titi okoli\u0161a\u201d"},"content":{"rendered":"\n<p>Dvodnevna regionalna online konferencija pod nazivom \u201cUloga civilnog dru\u0161tva u razvoju zelene ekonomije\u201d bi\u0107e organizirana putem zoom aplikacije\u00a029 i 30.juna 2021. godine.<\/p>\n\n\n\n<p>Registraciju za u\u010de\u0161\u0107e molimo izvr\u0161ite do 27.06.2021. putem<a rel=\"noreferrer noopener\" href=\"https:\/\/docs.google.com\/forms\/d\/e\/1FAIpQLSdmsJsCcqyT0DzAh1DUq6rcBCDye7QfJgDfDxeEwrPdDq7rBw\/viewform\" target=\"_blank\">\u00a0linka<\/a>. <\/p>\n\n\n\n<p>Konferencija se organizuje u okviru projekta GEAR \u2013 Zelena ekonomija za razvoj regiona, koji finansira Europska unija u okviru Programa podr\u0161ke civilnom dru\u0161tvu i medijima za 2016.-2017. a u BiH sufinansira Ministarstvo prostornog ure\u0111enja i za\u0161tite okolice Tuzlanskog kantona. <\/p>\n\n\n\n<p>Projekat provodi konzorcij organizacija koji \u010dine Centar za razvoj i podr\u0161ku CRP iz Bosne i Hercegovine, Smart Kolektiv iz Srbije, FORS Montenegro iz Crne Gore, Ekosvest iz25 Sjeverne Makedonije, EDEN centar iz Albanije, kao i udruga SLAP iz Hrvatske.Vi\u0161e informacija mo\u017eete prona\u0107i na\u00a0<a rel=\"noreferrer noopener\" href=\"https:\/\/www.facebook.com\/events\/339870954191124\/?ref=newsfeed\" target=\"_blank\">linku.\u00a0<\/a><\/p>\n\n\n\n<p>Preuzeto sa: <a href=\"https:\/\/www.hocu.ba\/indexphp\/hocupriliku\/konferencija-uloga-civilnog-drustva-u-zastiti-okolisa\/\" target=\"_blank\" rel=\"noreferrer noopener\">ho\u0107u.ba <\/a><\/p>\n","protected":false},"excerpt":{"rendered":"<p>Dvodnevna regionalna online konferencija pod nazivom \u201cUloga civilnog dru\u0161tva u razvoju zelene ekonomije\u201d bi\u0107e organizirana putem zoom aplikacije\u00a029 i 30.juna<\/p>\n","protected":false},"author":4,"featured_media":10547,"comment_status":"closed","ping_status":"open","sticky":false,"template":"","format":"standard","meta":{"om_disable_all_campaigns":false,"_monsterinsights_skip_tracking":false,"_monsterinsights_sitenote_active":false,"_monsterinsights_sitenote_note":"","_monsterinsights_sitenote_category":0,"footnotes":""},"categories":[6],"tags":[184,5456],"class_list":["post-10568","post","type-post","status-publish","format-standard","has-post-thumbnail","hentry","category-dogadjaji","tag-konferencija","tag-uloga-civilnog-drustva-u-zastiti-okolisa"],"jetpack_featured_media_url":"https:\/\/www.mladibl.com\/wp-content\/uploads\/2021\/06\/Konferencija-Uloga-civilnog-drustva-u-zastiti-okolisa.jpg__nc_cat104ccb1-3_nc_sid340051_nc_ohcbtUT_kbUrsMAX9rm6nE_nc_htscontent-vie1-1.jpg","amp_enabled":true,"_links":{"self":[{"href":"https:\/\/www.mladibl.com\/index.php?rest_route=\/wp\/v2\/posts\/10568","targetHints":{"allow":["GET"]}}],"collection":[{"href":"https:\/\/www.mladibl.com\/index.php?rest_route=\/wp\/v2\/posts"}],"about":[{"href":"https:\/\/www.mladibl.com\/index.php?rest_route=\/wp\/v2\/types\/post"}],"author":[{"embeddable":true,"href":"https:\/\/www.mladibl.com\/index.php?rest_route=\/wp\/v2\/users\/4"}],"replies":[{"embeddable":true,"href":"https:\/\/www.mladibl.com\/index.php?rest_route=%2Fwp%2Fv2%2Fcomments&post=10568"}],"version-history":[{"count":2,"href":"https:\/\/www.mladibl.com\/index.php?rest_route=\/wp\/v2\/posts\/10568\/revisions"}],"predecessor-version":[{"id":10570,"href":"https:\/\/www.mladibl.com\/index.php?rest_route=\/wp\/v2\/posts\/10568\/revisions\/10570"}],"wp:featuredmedia":[{"embeddable":true,"href":"https:\/\/www.mladibl.com\/index.php?rest_route=\/wp\/v2\/media\/10547"}],"wp:attachment":[{"href":"https:\/\/www.mladibl.com\/index.php?rest_route=%2Fwp%2Fv2%2Fmedia&parent=10568"}],"wp:term":[{"taxonomy":"category","embeddable":true,"href":"https:\/\/www.mladibl.com\/index.php?rest_route=%2Fwp%2Fv2%2Fcategories&post=10568"},{"taxonomy":"post_tag","embeddable":true,"href":"https:\/\/www.mladibl.com\/index.php?rest_route=%2Fwp%2Fv2%2Ftags&post=10568"}],"curies":[{"name":"wp","href":"https:\/\/api.w.org\/{rel}","templated":true}]}}