{"id":10560,"date":"2021-06-26T08:46:44","date_gmt":"2021-06-26T06:46:44","guid":{"rendered":"https:\/\/www.mladibl.com\/?p=10560"},"modified":"2021-06-26T08:46:45","modified_gmt":"2021-06-26T06:46:45","slug":"15-ta-generacija-akademije-za-mlade-politicke-lidere-u-svjetlu-eu-integracija","status":"publish","type":"post","link":"https:\/\/www.mladibl.com\/?p=10560","title":{"rendered":"15-ta generacija Akademije za mlade politi\u010dke lidere, u svjetlu EU integracija"},"content":{"rendered":"\n<p>Perpetuum mobile \u2013 Institut za razvoj mladih i zajednice Banja Luka je organizacija civilnog dru\u0161tva koja kroz edukativne, zagovara\u010dke I istra\u017eiva\u010dke programe razvija zdrave \u017eivotne vrijednosti mladih, podsti\u010de gra\u0111ansku I politi\u010dku participaciju, sa ciljem stvaranja odgovornijeg i pravednijeg dru\u0161tva.<br>Uz podr\u0161ku Evropske unije u Bosni i Hercegovini u&nbsp; okviru projekta \u201cYouth for EU\/Mladi za EU\u201d u periodu od 27 \u2013 29. juna 2021. organizujemo prvi modul Akademije za mlade politi\u010dke lidere\/ke. Planirana su tri modula kroz koje \u0107e mladi, savjesni, odgovorni i u svojim zajednicama prepoznati kao lideri i uzori dati svoje mi\u0161ljenje o procesu EU integracija BiH.<\/p>\n\n\n\n<p>Ovaj program \u0107e rezultirati izradom dokumenta&nbsp; pod nazivom \u201cOkvirni prijedlozi i mi\u0161ljenja mladih BiH o EU integracijama\u201d, koji \u0107e reflektovati mi\u0161ljenja i stavove mladih politi\u010dkih lidera\/ki I lidera\/ki iz NVO.<\/p>\n\n\n\n<p>Ovaj projekat finansira Evropska unija<\/p>\n\n\n\n<p>Preuzeto sa: <a href=\"http:\/\/www.pm.rs.ba\/15-ta-generacija-akademije-za-mlade-politicke-lidere-u-svjetlu-eu-integracija\/\" target=\"_blank\" rel=\"noreferrer noopener\">Perpetuum mobile <\/a><\/p>\n","protected":false},"excerpt":{"rendered":"<p>Perpetuum mobile \u2013 Institut za razvoj mladih i zajednice Banja Luka je organizacija civilnog dru\u0161tva koja kroz edukativne, zagovara\u010dke I<\/p>\n","protected":false},"author":4,"featured_media":10538,"comment_status":"closed","ping_status":"open","sticky":false,"template":"","format":"standard","meta":{"om_disable_all_campaigns":false,"_monsterinsights_skip_tracking":false,"_monsterinsights_sitenote_active":false,"_monsterinsights_sitenote_note":"","_monsterinsights_sitenote_category":0,"footnotes":""},"categories":[449],"tags":[106,4722,89],"class_list":["post-10560","post","type-post","status-publish","format-standard","has-post-thumbnail","hentry","category-organizacije","tag-akademija-za-politicke-lidere-ke","tag-eu-integracije","tag-perpetuum-mobile"],"jetpack_featured_media_url":"https:\/\/www.mladibl.com\/wp-content\/uploads\/2021\/06\/15-ta-generacija-Akademije-za-mlade-politicke-lidere-u-svjetlu-EU-integracija.jpg","amp_enabled":true,"_links":{"self":[{"href":"https:\/\/www.mladibl.com\/index.php?rest_route=\/wp\/v2\/posts\/10560","targetHints":{"allow":["GET"]}}],"collection":[{"href":"https:\/\/www.mladibl.com\/index.php?rest_route=\/wp\/v2\/posts"}],"about":[{"href":"https:\/\/www.mladibl.com\/index.php?rest_route=\/wp\/v2\/types\/post"}],"author":[{"embeddable":true,"href":"https:\/\/www.mladibl.com\/index.php?rest_route=\/wp\/v2\/users\/4"}],"replies":[{"embeddable":true,"href":"https:\/\/www.mladibl.com\/index.php?rest_route=%2Fwp%2Fv2%2Fcomments&post=10560"}],"version-history":[{"count":1,"href":"https:\/\/www.mladibl.com\/index.php?rest_route=\/wp\/v2\/posts\/10560\/revisions"}],"predecessor-version":[{"id":10561,"href":"https:\/\/www.mladibl.com\/index.php?rest_route=\/wp\/v2\/posts\/10560\/revisions\/10561"}],"wp:featuredmedia":[{"embeddable":true,"href":"https:\/\/www.mladibl.com\/index.php?rest_route=\/wp\/v2\/media\/10538"}],"wp:attachment":[{"href":"https:\/\/www.mladibl.com\/index.php?rest_route=%2Fwp%2Fv2%2Fmedia&parent=10560"}],"wp:term":[{"taxonomy":"category","embeddable":true,"href":"https:\/\/www.mladibl.com\/index.php?rest_route=%2Fwp%2Fv2%2Fcategories&post=10560"},{"taxonomy":"post_tag","embeddable":true,"href":"https:\/\/www.mladibl.com\/index.php?rest_route=%2Fwp%2Fv2%2Ftags&post=10560"}],"curies":[{"name":"wp","href":"https:\/\/api.w.org\/{rel}","templated":true}]}}