{"id":10520,"date":"2021-06-25T08:43:31","date_gmt":"2021-06-25T06:43:31","guid":{"rendered":"https:\/\/www.mladibl.com\/?p=10520"},"modified":"2021-06-25T08:43:33","modified_gmt":"2021-06-25T06:43:33","slug":"poziv-za-prijavu-na-vebinar-o-drugim-fondovima","status":"publish","type":"post","link":"https:\/\/www.mladibl.com\/?p=10520","title":{"rendered":"Poziv za prijavu na vebinar o drugim fondovima"},"content":{"rendered":"\n<p>Otvoren je poziv za prijavu za u\u010de\u0161\u0107e na vebinaru na temu \u201eExploiting other EU and non-EU funds for supporting EU13 &amp; WB countries\u2019 R&amp;I projects\u201c koji \u0107e biti odr\u017ean 8. jula 2021. godine u 10 \u010dasova putem Zum platforme.&nbsp;<\/p>\n\n\n\n<p>Za u\u010de\u0161\u0107e na vebinaru koji se odr\u017eava na englesom jeziku neophodna je registracija, a koju je mogu\u0107e obaviti&nbsp;<strong><a href=\"https:\/\/us02web.zoom.us\/webinar\/register\/WN_7B05L13nSHqAzZBSGZ9zPw\" target=\"_blank\" rel=\"noreferrer noopener\">ovdje<\/a><\/strong>.<\/p>\n\n\n\n<p>Predava\u010di na vebinaru su predstavnici Vi\u0161egrad fonda, Centralno-evropske inicijative i iskusni projektni menad\u017eeri i administratori evropskih i me\u0111unarodnih istra\u017eiva\u010dkih projekata.<\/p>\n\n\n\n<p>Tako \u0107e Marijana Dimitrova iz &nbsp;Inter-edu organizacije, odr\u017eati prezentaciju na temu ,,Your Next Funding Opportunity Is Just Behind The Corner\u2019 and \u2018Best practices in Erasmus+\u201c. Daniel Peter iz Vi\u0161egrad fonda ima\u0107e prezentaciju na temu ,, Supporting research in the V4+ region \u2013 Visegrad and Visegrad+ Grants\u201c. Alesandro Lombardo iz Centralno-evropske inicijative, ima\u0107e prezentaciju ,,Central European Initiative: funding and networking opportunities for regional cooperation\u201c.<\/p>\n\n\n\n<p>Ovaj doga\u0111aj, kao i drugi doga\u0111aji planirani u toku ove godine, namijenjen je za sve istra\u017eiva\u010de, menad\u017eere i administratore istra\u017eivanja zainteresovane za teme: \u0161ta donosi novi program finansiranja nau\u010dno-istra\u017eiva\u010dkih projekata \u201eHorizon Europe\u201c, koji su glavni principi dizajniranja uspje\u0161nog prijedloga nau\u010dno-istra\u017eiva\u010dkog projekta, zna\u010daj etike i otvorene nauke \u201eHorizon Europe\u201c, prava intelektualne svojine u nau\u010dno-istra\u017eiva\u010dkim projektima, transfer tehnologije i procjena tr\u017ei\u0161ta od posebnog zna\u010daja za inovacione i nau\u010dno-istra\u017eiva\u010dke projekte, finansije na \u201eHorizon Europe\u201c projektima i dodatne mogu\u0107nosti za apliciranje institucija iz zemalja Zapadnog Balkana.<\/p>\n\n\n\n<p>Vebinar se organizuje u okviru projekta pod nazivom \u201eV4+WB RMA Network\u201c, a u kojem Centar za preduzetni\u0161tvo i transfer tehnologija Univerziteta u Banjoj Luci od novembra 2020. godine u\u010destvuje kao partnerska institucija. Ovaj projekat je inicijativa za podr\u0161ku i osna\u017eivanje zajednice menad\u017eera i administratora istra\u017eivanja. Konzorcijum predvo\u0111en organizacijom HETFA iz Budimpe\u0161te, finansiran je kroz Me\u0111unarodni vi\u0161egradski fond i fokusira se na zemlje tzv. vi\u0161egradske \u010detvorke (V4 \u2212 Poljska, \u010ce\u0161ka, Slova\u010dka i Ma\u0111arska) i Zapadnog Balkana (Srbija, Bosna i Hercegovina i Sjeverna Makedonija).<\/p>\n\n\n\n<p>Vi\u0161e informacija o projektu i vebinaru nalazi se\u00a0<strong><a rel=\"noreferrer noopener\" href=\"https:\/\/unibl.org\/uploads\/files\/strane\/opste_novosti\/RMA_Presentation%20Invitation_Webinar%20VI.pdf\" target=\"_blank\">ovdje<\/a><\/strong>.<\/p>\n\n\n\n<p>Preuzeto sa: <a href=\"https:\/\/unibl.org\/sr-lat\/vesti\/2021\/06\/poziv-za-prijavu-na-vebinar-o-drugim-fondovima\" target=\"_blank\" rel=\"noreferrer noopener\">Univerzitet u Banjoj Luci <\/a><\/p>\n","protected":false},"excerpt":{"rendered":"<p>Otvoren je poziv za prijavu za u\u010de\u0161\u0107e na vebinaru na temu \u201eExploiting other EU and non-EU funds for supporting EU13<\/p>\n","protected":false},"author":4,"featured_media":10504,"comment_status":"closed","ping_status":"open","sticky":false,"template":"","format":"standard","meta":{"om_disable_all_campaigns":false,"_monsterinsights_skip_tracking":false,"_monsterinsights_sitenote_active":false,"_monsterinsights_sitenote_note":"","_monsterinsights_sitenote_category":0,"footnotes":""},"categories":[6],"tags":[4346,355,5426,934],"class_list":["post-10520","post","type-post","status-publish","format-standard","has-post-thumbnail","hentry","category-dogadjaji","tag-fondovi","tag-poziv","tag-prijava-na-vebinar","tag-zoom"],"jetpack_featured_media_url":"https:\/\/www.mladibl.com\/wp-content\/uploads\/2021\/06\/Poziv-za-prijavu-na-vebinar-o-drugim-fondovima.jpg","amp_enabled":true,"_links":{"self":[{"href":"https:\/\/www.mladibl.com\/index.php?rest_route=\/wp\/v2\/posts\/10520","targetHints":{"allow":["GET"]}}],"collection":[{"href":"https:\/\/www.mladibl.com\/index.php?rest_route=\/wp\/v2\/posts"}],"about":[{"href":"https:\/\/www.mladibl.com\/index.php?rest_route=\/wp\/v2\/types\/post"}],"author":[{"embeddable":true,"href":"https:\/\/www.mladibl.com\/index.php?rest_route=\/wp\/v2\/users\/4"}],"replies":[{"embeddable":true,"href":"https:\/\/www.mladibl.com\/index.php?rest_route=%2Fwp%2Fv2%2Fcomments&post=10520"}],"version-history":[{"count":1,"href":"https:\/\/www.mladibl.com\/index.php?rest_route=\/wp\/v2\/posts\/10520\/revisions"}],"predecessor-version":[{"id":10521,"href":"https:\/\/www.mladibl.com\/index.php?rest_route=\/wp\/v2\/posts\/10520\/revisions\/10521"}],"wp:featuredmedia":[{"embeddable":true,"href":"https:\/\/www.mladibl.com\/index.php?rest_route=\/wp\/v2\/media\/10504"}],"wp:attachment":[{"href":"https:\/\/www.mladibl.com\/index.php?rest_route=%2Fwp%2Fv2%2Fmedia&parent=10520"}],"wp:term":[{"taxonomy":"category","embeddable":true,"href":"https:\/\/www.mladibl.com\/index.php?rest_route=%2Fwp%2Fv2%2Fcategories&post=10520"},{"taxonomy":"post_tag","embeddable":true,"href":"https:\/\/www.mladibl.com\/index.php?rest_route=%2Fwp%2Fv2%2Ftags&post=10520"}],"curies":[{"name":"wp","href":"https:\/\/api.w.org\/{rel}","templated":true}]}}