{"id":10429,"date":"2021-06-23T08:34:42","date_gmt":"2021-06-23T06:34:42","guid":{"rendered":"https:\/\/www.mladibl.com\/?p=10429"},"modified":"2021-06-23T08:34:44","modified_gmt":"2021-06-23T06:34:44","slug":"bih-prijavi-se-na-obuku-za-mlade-u-okviru-projekta-erasmus-youth-in-action","status":"publish","type":"post","link":"https:\/\/www.mladibl.com\/?p=10429","title":{"rendered":"[BIH] Prijavi se na obuku za mlade u okviru projekta Erasmus+ &#8221;Youth in Action&#8221;"},"content":{"rendered":"\n<p>TICTAC\u00a0je obuka namijenjena volonterima, omladinskim radnicima i liderima koji su zainteresovani da putem me\u0111unarodne saradnje razviju strategiju lokalnih zajednica u skladu sa ciljevima organizacije. U\u010desnicima se pru\u017ea podr\u0161ka u organizovanju aktivnosti koje uklju\u010duju omladinske radnike u okviru pomenutog projekta.\u00a0<\/p>\n\n\n\n<p>Nacionalna agencija u saradnji sa SALTO organizova\u0107e TICTAC kurs obuke u periodu\u00a0od 23. do 29. avgusta\u00a0u\u00a0Njema\u010dkoj. Za obuku \u0107e biti izabrano\u00a025 kandidata.<\/p>\n\n\n\n<p>TICTAC \u017eeli da podr\u017ei u\u010desnike u dizajniranju kvalitativnih projekata i postane pionir programa\u00a0Erasmus. Ciljevi kursa su:<\/p>\n\n\n\n<ul class=\"wp-block-list\"><li>Promovisanje Erasmus+ projekta &#8221;Youth in Action&#8221; kao na\u010dina obrazovanja sa akcentom na me\u0111unarodnoj saradnji;<\/li><li>Promovisanje gra\u0111evinskog aktivizma<\/li><\/ul>\n\n\n\n<p>Kome je namijenjen kurs?<\/p>\n\n\n\n<p>Kurs je namijenjen:<\/p>\n\n\n\n<ul class=\"wp-block-list\"><li>Punoljetnim osobama koje imaju prethodno iskustvo sa u\u010de\u0161\u0107em u sli\u010dnim projektima;<\/li><li>Onima koji \u017eele da nau\u010de ne\u0161to vi\u0161e o programu i da ste\u010dena znanja iskoriste u praksi;<\/li><li>Onima koji imaju podr\u0161ku organizacije za u\u010de\u0161\u0107e i mogu\u0107nosti da sprovode evropske projekte u svojoj organizaciji;<\/li><li>Onima koji znaju engleski jezik kako bi se nesmetano odvijala komunikacija tokom grupnog rada i sesija<\/li><\/ul>\n\n\n\n<p>Rok i na\u010din prijave<\/p>\n\n\n\n<p>Rok za prijavu je\u00a025. jun 2021.\u00a0godine, a prijave se vr\u0161e\u00a0online\u00a0na sajtu\u00a0<a rel=\"noreferrer noopener\" href=\"https:\/\/www.lonac.pro\/salto-youth.net%20https:\/\/www.salto-youth.net\/tools\/european-training-calendar\/application-procedure\/9863\/\" target=\"_blank\">salto-youth.net<\/a>. Za informacije o putnim i \u017eivotnim tro\u0161kovima treba kontaktirati sa svojom Nacionalnom agencijom. Detalje i druge informacije o programu mo\u017ee\u0161 prona\u0107i\u00a0<a rel=\"noreferrer noopener\" href=\"https:\/\/www.lonac.pro\/salto-youth.net%20https:\/\/www.salto-youth.net\/tools\/european-training-calendar\/application-procedure\/9863\/\" target=\"_blank\">ovde<\/a>.\u00a0<\/p>\n\n\n\n<p>Preuzeto sa: <a href=\"https:\/\/www.lonac.pro\/bih-prijavi-se-na-obuku-za-mlade-u-okviru-projekta-erasmus-youth-in-action-2\" target=\"_blank\" rel=\"noreferrer noopener\">lonac.pro<\/a><\/p>\n","protected":false},"excerpt":{"rendered":"<p>TICTAC\u00a0je obuka namijenjena volonterima, omladinskim radnicima i liderima koji su zainteresovani da putem me\u0111unarodne saradnje razviju strategiju lokalnih zajednica u<\/p>\n","protected":false},"author":4,"featured_media":10407,"comment_status":"closed","ping_status":"open","sticky":false,"template":"","format":"standard","meta":{"om_disable_all_campaigns":false,"_monsterinsights_skip_tracking":false,"_monsterinsights_sitenote_active":false,"_monsterinsights_sitenote_note":"","_monsterinsights_sitenote_category":0,"footnotes":""},"categories":[4],"tags":[20,5378,637,888,4204],"class_list":["post-10429","post","type-post","status-publish","format-standard","has-post-thumbnail","hentry","category-edukacija","tag-erasmus","tag-obuka-za-mlade","tag-prijava","tag-projekat","tag-youth-in-action"],"jetpack_featured_media_url":"https:\/\/www.mladibl.com\/wp-content\/uploads\/2021\/06\/Prijavi-se-na-obuku-za-mlade-u-okviru-projekta-Erasmus-Youth-in-Action.jpg","amp_enabled":true,"_links":{"self":[{"href":"https:\/\/www.mladibl.com\/index.php?rest_route=\/wp\/v2\/posts\/10429","targetHints":{"allow":["GET"]}}],"collection":[{"href":"https:\/\/www.mladibl.com\/index.php?rest_route=\/wp\/v2\/posts"}],"about":[{"href":"https:\/\/www.mladibl.com\/index.php?rest_route=\/wp\/v2\/types\/post"}],"author":[{"embeddable":true,"href":"https:\/\/www.mladibl.com\/index.php?rest_route=\/wp\/v2\/users\/4"}],"replies":[{"embeddable":true,"href":"https:\/\/www.mladibl.com\/index.php?rest_route=%2Fwp%2Fv2%2Fcomments&post=10429"}],"version-history":[{"count":1,"href":"https:\/\/www.mladibl.com\/index.php?rest_route=\/wp\/v2\/posts\/10429\/revisions"}],"predecessor-version":[{"id":10430,"href":"https:\/\/www.mladibl.com\/index.php?rest_route=\/wp\/v2\/posts\/10429\/revisions\/10430"}],"wp:featuredmedia":[{"embeddable":true,"href":"https:\/\/www.mladibl.com\/index.php?rest_route=\/wp\/v2\/media\/10407"}],"wp:attachment":[{"href":"https:\/\/www.mladibl.com\/index.php?rest_route=%2Fwp%2Fv2%2Fmedia&parent=10429"}],"wp:term":[{"taxonomy":"category","embeddable":true,"href":"https:\/\/www.mladibl.com\/index.php?rest_route=%2Fwp%2Fv2%2Fcategories&post=10429"},{"taxonomy":"post_tag","embeddable":true,"href":"https:\/\/www.mladibl.com\/index.php?rest_route=%2Fwp%2Fv2%2Ftags&post=10429"}],"curies":[{"name":"wp","href":"https:\/\/api.w.org\/{rel}","templated":true}]}}