{"id":10347,"date":"2021-06-21T09:15:39","date_gmt":"2021-06-21T07:15:39","guid":{"rendered":"https:\/\/www.mladibl.com\/?p=10347"},"modified":"2021-06-21T09:20:24","modified_gmt":"2021-06-21T07:20:24","slug":"europska-unija-u-bih-trazi-interne","status":"publish","type":"post","link":"https:\/\/www.mladibl.com\/?p=10347","title":{"rendered":"Europska Unija u BiH tra\u017ei interne"},"content":{"rendered":"\n<p>Imate manje od 30 godina, BA diplomu, zanimaju vas evropske integracije i \u017eelite da kroz aktivan rad u\u010dite i ne\u0161to novo? Onda imamo pravu priliku za vas jer EU u BiH tim tra\u017ei sta\u017eiste na idu\u0107im pozicijama:<\/p>\n\n\n\n<ul class=\"wp-block-list\"><li>Intern, Finance and Administration Section \/ Procurement and Logistics<\/li><li>Intern, Political Section<\/li><li>Intern, Communication Section<\/li><li>Intern, Legal Services<\/li><\/ul>\n\n\n\n<p>Lokacija: SarajevoRok za prijave: 4. juli 2021. godine<\/p>\n\n\n\n<p>Vi\u0161e informacija, kao i na\u010din prijave pro\u010ditajte\u00a0<a rel=\"noreferrer noopener\" href=\"https:\/\/europa.ba\/wp-content\/uploads\/2021\/06\/Vacancy_Intern2021_advert.pdf\" data-type=\"URL\" target=\"_blank\">ovdje.<\/a><\/p>\n\n\n\n<p>Preuzeto sa: <a href=\"https:\/\/www.hocu.ba\/indexphp\/hocupriliku\/europska-unija-u-bih-trazi-interne\/\" target=\"_blank\" rel=\"noreferrer noopener\">ho\u0107u.ba<\/a><\/p>\n","protected":false},"excerpt":{"rendered":"<p>Imate manje od 30 godina, BA diplomu, zanimaju vas evropske integracije i \u017eelite da kroz aktivan rad u\u010dite i ne\u0161to<\/p>\n","protected":false},"author":4,"featured_media":10330,"comment_status":"closed","ping_status":"open","sticky":false,"template":"","format":"standard","meta":{"om_disable_all_campaigns":false,"_monsterinsights_skip_tracking":false,"_monsterinsights_sitenote_active":false,"_monsterinsights_sitenote_note":"","_monsterinsights_sitenote_category":0,"footnotes":""},"categories":[8],"tags":[512,1061,5334],"class_list":["post-10347","post","type-post","status-publish","format-standard","has-post-thumbnail","hentry","category-zaposljavanje","tag-bih","tag-evropska-unija","tag-interne"],"jetpack_featured_media_url":"https:\/\/www.mladibl.com\/wp-content\/uploads\/2021\/06\/Evropska-Unija-u-BiH-trazi-interne.jpg","amp_enabled":true,"_links":{"self":[{"href":"https:\/\/www.mladibl.com\/index.php?rest_route=\/wp\/v2\/posts\/10347","targetHints":{"allow":["GET"]}}],"collection":[{"href":"https:\/\/www.mladibl.com\/index.php?rest_route=\/wp\/v2\/posts"}],"about":[{"href":"https:\/\/www.mladibl.com\/index.php?rest_route=\/wp\/v2\/types\/post"}],"author":[{"embeddable":true,"href":"https:\/\/www.mladibl.com\/index.php?rest_route=\/wp\/v2\/users\/4"}],"replies":[{"embeddable":true,"href":"https:\/\/www.mladibl.com\/index.php?rest_route=%2Fwp%2Fv2%2Fcomments&post=10347"}],"version-history":[{"count":2,"href":"https:\/\/www.mladibl.com\/index.php?rest_route=\/wp\/v2\/posts\/10347\/revisions"}],"predecessor-version":[{"id":10349,"href":"https:\/\/www.mladibl.com\/index.php?rest_route=\/wp\/v2\/posts\/10347\/revisions\/10349"}],"wp:featuredmedia":[{"embeddable":true,"href":"https:\/\/www.mladibl.com\/index.php?rest_route=\/wp\/v2\/media\/10330"}],"wp:attachment":[{"href":"https:\/\/www.mladibl.com\/index.php?rest_route=%2Fwp%2Fv2%2Fmedia&parent=10347"}],"wp:term":[{"taxonomy":"category","embeddable":true,"href":"https:\/\/www.mladibl.com\/index.php?rest_route=%2Fwp%2Fv2%2Fcategories&post=10347"},{"taxonomy":"post_tag","embeddable":true,"href":"https:\/\/www.mladibl.com\/index.php?rest_route=%2Fwp%2Fv2%2Ftags&post=10347"}],"curies":[{"name":"wp","href":"https:\/\/api.w.org\/{rel}","templated":true}]}}