{"id":10310,"date":"2021-06-19T08:55:56","date_gmt":"2021-06-19T06:55:56","guid":{"rendered":"https:\/\/www.mladibl.com\/?p=10310"},"modified":"2021-06-19T08:55:58","modified_gmt":"2021-06-19T06:55:58","slug":"movieq-takmicenje-ja-vidim-drugacije","status":"publish","type":"post","link":"https:\/\/www.mladibl.com\/?p=10310","title":{"rendered":"MoviEQ takmi\u010denje \u2013 \u201cJa vidim druga\u010dije \u201c"},"content":{"rendered":"\n<p>Od 2016. godine IOM je po\u010deo sa realizacijom MoviEQ radionica u zajednicama \u0161irom Bosne i Hercegovine. Od tada, pa do danas, realizirano je oko 200 radionica, gdje smo upoznali oko 2000 mladih.<\/p>\n\n\n\n<p>Kroz ove radionice mladi su u\u010dili o niz tema poput kriti\u010dkog razmi\u0161ljanja, komunikacije, aktivnog slu\u0161anja, emocionalne inteligencije, itd. \u2013 sve kroz interaktivni rad i iskustveno. Sada, \u0161est godina poslije, kada se prisje\u0107amo po\u010detaka MoviEQ radionice, \u017eelimo da dodatno saznamo o iskustvu ovih mladih ljudi, da \u010dujemo\/vidimo njihov pogled na svijet i kako su nau\u010dili da gledaju na stvari iz razli\u010ditih perspektiva, \u201cizvan kutije\u201d, uva\u017eavaju\u0107i i sebe i druge. Vode\u0107i se tom namjerom, odlu\u010dili smo pokrenuti poziv za u\u010desnike MoviEQ radionice pod nazivom&nbsp;<strong>\u201cJA VIDIM DRUGA\u010cIJE\u201d<\/strong>.<\/p>\n\n\n\n<p>Pozivamo mlade koji su u\u010destvovali na MoviEQ radionicama da nam poka\u017eu svoj pogled na svijet kroz tekst, pjesmu, fotografiju, video, strip, ili bilo koji drugi kreativni\/umjetni\u010dki sadr\u017eaj koji osmisle.<\/p>\n\n\n\n<p>Ovaj poziv je otvoren od danas, 16. juna, do 15. augusta. Poziv je takmi\u010darskog karaktera, najuspje\u0161niji radovi \u0107e biti nagra\u0111eni, a njihovim kreatorima \u0107e biti ponu\u0111ene dodatne prilike, o kojima \u0107emo pisati u narednom periodu. Nagrade za najuspje\u0161nije radove su torba za laptop, jakna, termos boca i mobilni Bluetooth zvu\u010dnik.<\/p>\n\n\n\n<p>Uslovi u\u010de\u0161\u0107a<\/p>\n\n\n\n<ul class=\"wp-block-list\"><li>Pravo u\u010de\u0161\u0107a na ovom pozivu imaju svi mladi sa teritorije Bosne i Hercegovine koji su bili u\u010desnici MoviEQ radionica u sklopu projekta \u201cPodr\u0161ka mladima u lokalnim zajednicama u Bosni i Hercegovini;<\/li><li>Po\u0161iljalac fotografije\/videa\/ostalog sadr\u017eaja mora imati neotu\u0111iva autorska prava na sadr\u017eaj koji \u0161alje, a koja su definisana va\u017ee\u0107im zakonima o autorskim pravima;<\/li><li>Sadr\u017eaji koje sadr\u017ee scene nasilja ili su uvredljive po vjerskoj, nacionalnoj i drugim osnovama ne\u0107e u\u0107i u razmatranje;<\/li><li>Za obradu fotografija i videa mo\u017ee se koristiti neki od pomo\u0107nih programa (Indesign, Photoshop, Lightroom, Premiere).<\/li><\/ul>\n\n\n\n<p>Kao u\u010desnik poziva prihvatate sljede\u0107e:<\/p>\n\n\n\n<ul class=\"wp-block-list\"><li>Da nastalo djelo kojim ste se prijavili na konkurs ostaju u vlasni\u0161tvu IOM-a, te da ih organizator konkursa mo\u017ee koristiti u promotivne svrhe Projekta bez isplate dodatne naknade;<\/li><li>Organizator se obavezuje da ne\u0107e prodavati fotografije ni pod kojim uslovima;<\/li><\/ul>\n\n\n\n<p>Za u\u010de\u0161\u0107e je potrebno poslati sljede\u0107e (putem email-a):<\/p>\n\n\n\n<ul class=\"wp-block-list\"><li>Ime i prezime;<\/li><li>Autorski uradak (za fotografije jpg format; video u razli\u010ditim formatima: mkv, mpeg, avi, mp4);<\/li><li>Naziv fajla;<\/li><li>Lokaciju fotografije\/videa;<\/li><li>Izjavu o autorstvu (ispod):<\/li><\/ul>\n\n\n\n<p><em>Izjavljujem da je prilo\u017eeno djelo proizvod moje individualne tvorevine, to jest, da sam ja isklju\u010divi stvaralac ovog djela, koju ovim putem dostavljam IOM-u u svrhu njene objave na web stranici i dru\u0161tvenim mre\u017eama IOM-a, a za potrebe poziva.<\/em><\/p>\n\n\n\n<p>Tehni\u010dke specifikacije fotografije:<\/p>\n\n\n\n<ul class=\"wp-block-list\"><li>Naziv fajla: Ime_Prezime_Naziv fotografije.jpg<\/li><li>Fotografija moraju biti isklju\u010divo u digitalnoj formi i to JPEG format<\/li><li>Fotografija mora biti MINIMALNO 3000 piksela po du\u017eoj strani (300 DPI)<\/li><li>Maksimalna veli\u010dina fotografije je 5 MB (ukoliko fotografije pojedina\u010dno ili zbirno zauzimaju vi\u0161e od 5 MB, po\u0161aljite ih kao odvojene fajlove ili preko file transfera servisa po sopstvenoj \u017eelji)<\/li><li>Fotografije ne smiju imati vodeni \u017eig (watermark)<\/li><\/ul>\n\n\n\n<p>Tehni\u010dke specifikacije videa:<\/p>\n\n\n\n<ul class=\"wp-block-list\"><li>Kratki video u trajanju do tri minute, minimalne rezolucije 1920\u00d71080;<\/li><li>Video se mo\u017ee snimiti mobilnim telefonom, fotoaparatom ili kamerom;<\/li><li>Video se mora snimati u horizontalnom polo\u017eaju kamere;<\/li><li>Video radove poslati putem servisa za slanje fajlova preko Weba (WeTransfer, Google Drive, DropBox, MediaFire i sl.)<\/li><li>U video snimcima se ne mogu koristiti autorska djela (npr. muzika) bez prethodnog odobrenja autora.<\/li><\/ul>\n\n\n\n<p>Specifikacije za ostali sadr\u017eaj:<\/p>\n\n\n\n<ul class=\"wp-block-list\"><li>Tekstualni uradci trebaju da se po\u0161alju u Word datoteci, u prepoznatljivom fontu (Arial, Times New Roman, Calibri i sl.), veli\u010dina fonta 12.<\/li><li>Likovni uradci se mogu skenirati ili fotografirati te poslati na email organizatora, s tim da \u0107e u zavr\u0161nim fazama promocije radova isti trebati dostaviti lokalnim koordinatorima kako bi rad mogao biti izlo\u017een.<\/li><\/ul>\n\n\n\n<p>Rok i na\u010dini za dostavljanje sadr\u017eaja:<\/p>\n\n\n\n<ul class=\"wp-block-list\"><li>Rok za dostavljanje sadr\u017eaja je 15.08.2021. godine<\/li><\/ul>\n\n\n\n<p>Sadr\u017eaj se dostavlja na e-mail adresu&nbsp;<a href=\"mailto:movieqact@gmail.com\">movieqact@gmail.com<\/a>&nbsp;ili putem nekog od servisa za slanje fajlova (WeTransfer, Google Drive, DropBox, MediaFire i sl.) sa naznakom \u201cJa vidim druga\u010dije\u201d.<\/p>\n\n\n\n<p>S rado\u0161\u0107u o\u010dekujemo va\u0161e radove i \u017eelimo vam puno sre\u0107e!<\/p>\n\n\n\n<p>Preuzeto sa: <a href=\"https:\/\/www.mreza-mira.net\/vijesti\/takmicenja-nagrade\/movieq-takmicenje-ja-vidim-drugacije\/\" target=\"_blank\" rel=\"noreferrer noopener\">Mre\u017ea za izgradnju mira <\/a><\/p>\n","protected":false},"excerpt":{"rendered":"<p>Od 2016. godine IOM je po\u010deo sa realizacijom MoviEQ radionica u zajednicama \u0161irom Bosne i Hercegovine. Od tada, pa do<\/p>\n","protected":false},"author":4,"featured_media":10288,"comment_status":"closed","ping_status":"open","sticky":false,"template":"","format":"standard","meta":{"om_disable_all_campaigns":false,"_monsterinsights_skip_tracking":false,"_monsterinsights_sitenote_active":false,"_monsterinsights_sitenote_note":"","_monsterinsights_sitenote_category":0,"footnotes":""},"categories":[1462],"tags":[5320,5319,171],"class_list":["post-10310","post","type-post","status-publish","format-standard","has-post-thumbnail","hentry","category-takmicenja","tag-ja-vidim-drugacije","tag-movieq","tag-takmicenje"],"jetpack_featured_media_url":"https:\/\/www.mladibl.com\/wp-content\/uploads\/2021\/06\/MoviEQ-takmicenje-\u2013-Ja-vidim-drugacije-.jpg","amp_enabled":true,"_links":{"self":[{"href":"https:\/\/www.mladibl.com\/index.php?rest_route=\/wp\/v2\/posts\/10310","targetHints":{"allow":["GET"]}}],"collection":[{"href":"https:\/\/www.mladibl.com\/index.php?rest_route=\/wp\/v2\/posts"}],"about":[{"href":"https:\/\/www.mladibl.com\/index.php?rest_route=\/wp\/v2\/types\/post"}],"author":[{"embeddable":true,"href":"https:\/\/www.mladibl.com\/index.php?rest_route=\/wp\/v2\/users\/4"}],"replies":[{"embeddable":true,"href":"https:\/\/www.mladibl.com\/index.php?rest_route=%2Fwp%2Fv2%2Fcomments&post=10310"}],"version-history":[{"count":1,"href":"https:\/\/www.mladibl.com\/index.php?rest_route=\/wp\/v2\/posts\/10310\/revisions"}],"predecessor-version":[{"id":10311,"href":"https:\/\/www.mladibl.com\/index.php?rest_route=\/wp\/v2\/posts\/10310\/revisions\/10311"}],"wp:featuredmedia":[{"embeddable":true,"href":"https:\/\/www.mladibl.com\/index.php?rest_route=\/wp\/v2\/media\/10288"}],"wp:attachment":[{"href":"https:\/\/www.mladibl.com\/index.php?rest_route=%2Fwp%2Fv2%2Fmedia&parent=10310"}],"wp:term":[{"taxonomy":"category","embeddable":true,"href":"https:\/\/www.mladibl.com\/index.php?rest_route=%2Fwp%2Fv2%2Fcategories&post=10310"},{"taxonomy":"post_tag","embeddable":true,"href":"https:\/\/www.mladibl.com\/index.php?rest_route=%2Fwp%2Fv2%2Ftags&post=10310"}],"curies":[{"name":"wp","href":"https:\/\/api.w.org\/{rel}","templated":true}]}}