{"id":10304,"date":"2021-06-19T08:34:09","date_gmt":"2021-06-19T06:34:09","guid":{"rendered":"https:\/\/www.mladibl.com\/?p=10304"},"modified":"2021-06-19T08:34:11","modified_gmt":"2021-06-19T06:34:11","slug":"najava-dogadaja-konferencija-snaga-lokalnog-kao-faktor-razvoja-lokalne-zajednice","status":"publish","type":"post","link":"https:\/\/www.mladibl.com\/?p=10304","title":{"rendered":"Najava doga\u0111aja: Konferencija Snaga lokalnog kao faktor razvoja lokalne zajednice"},"content":{"rendered":"\n<p>U okviru implementacije petogodi\u0161njeg programa Snaga lokalnog koji podr\u017eava Ameri\u010dka agencija za me\u0111unarodni razvoj USAID u periodu od 21-23. juna \u0107e biti odr\u017eana godi\u0161nja konferencija Snaga lokalnog kao faktor razvoja lokalne zajednice.<\/p>\n\n\n\n<p>Konferencija Snaga lokalnog kao faktor razvoja lokalne zajednice ima za cilj dodatno umre\u017eavanje svih partnera_ica koji_e implementiraju program Snaga lokalnog: Fondacije Mozaik, Instituta za razvoj mladih KULT, Fondacije tuzlanske zajednice, Centra za gra\u0111ansku suradnju Livno i Mre\u017ee za izgradnju mira, sa relevantnim akterima koji rade u lokalnim zajednicama: predstavnicima_ama nevladinih organizacija aktivnih na lokalnom nivou, predstavnicima_ama razvojnih agencija, lokalnih medija i lokalnih vlasti.<\/p>\n\n\n\n<p>Konferenciju \u0107e pozdravnim govorom otvoriti Nancy J. Eslick, Direktorica Misije USAID-a u BiH i Nata\u0161a Maksimovi\u0107, Predsjednica Udru\u017eenja Mre\u017ea za izgradnju mira. Tokom prvog dana konferencije u\u010desnici_e \u0107e imati priliku slu\u0161ati i diskutovati o radu USAID-a u BiH, programu Snaga lokalnog, komponentama Snage lokalnog predstavljenih kroz rad partnerskih organizacija, te izazovima u radu na pobolj\u0161anju lokalne zajednice u svjetlu prilago\u0111avanja ograni\u010denjima tokom pandemije COVID \u2013 19.<\/p>\n\n\n\n<p>Nakon prvog dijela konferencije planiran je rad u grupama sa ciljem davanja odgovora na dodatne upite prisutnih povodom programa Snaga lokalnog, dodatnog povezivanja prisutnih na konferenciji, ali i osmi\u0161ljavanja konkretnih ideja i inicijativa za partnerstva izme\u0111u partnera_ica Snage lokalnog i klju\u010dnih lokalnih aktera_ki. Svaka radna grupa \u0107e biti mix predstavnika_ca partnerskih organizacija i lokalnih aktera_ki. Prije rada u radnim grupama u\u010desnici_e \u0107e prvog dana konferencije imati priliku saznati vi\u0161e o fokusu rada svake od partnerskih organizacija, postignu\u0107ima tokom njihove dosada\u0161nje implementacije u okviru programa Snaga lokalnog, kao i izazovima, \u0161to \u0107e dati osnovu za bu\u0111enje interesovanja i motivacije u\u010desnika_ca, refleksiju, potencijalne sugestije za pobolj\u0161anje, ali i razvijanje ideja za umre\u017eavanje i zajedni\u010dki rad sa partnerskim organizacijama.<\/p>\n\n\n\n<p>Otvaranje konferencije je planirano u 10:30 sati u utorak 22. juna, pratite Facebook stranicu Mre\u017ee za izgradnju mira gdje \u0107ete imati priliku pratiti u\u017eivo prenos otvaranja konferencije.<\/p>\n\n\n\n<p>Preuzeto sa: <a href=\"https:\/\/snagalokalnog.ba\/najava-dogadjaja-konferencija-snaga-lokalnog-kao-faktor-razvoja-lokalne-zajednice\/\" target=\"_blank\" rel=\"noreferrer noopener\">Snaga lokalnog<\/a><\/p>\n","protected":false},"excerpt":{"rendered":"<p>U okviru implementacije petogodi\u0161njeg programa Snaga lokalnog koji podr\u017eava Ameri\u010dka agencija za me\u0111unarodni razvoj USAID u periodu od 21-23. juna<\/p>\n","protected":false},"author":4,"featured_media":10290,"comment_status":"closed","ping_status":"open","sticky":false,"template":"","format":"standard","meta":{"om_disable_all_campaigns":false,"_monsterinsights_skip_tracking":false,"_monsterinsights_sitenote_active":false,"_monsterinsights_sitenote_note":"","_monsterinsights_sitenote_category":0,"footnotes":""},"categories":[6],"tags":[184,5316,5315,152],"class_list":["post-10304","post","type-post","status-publish","format-standard","has-post-thumbnail","hentry","category-dogadjaji","tag-konferencija","tag-lokalna-zajednica","tag-najava-dogadjaja","tag-usaid"],"jetpack_featured_media_url":"https:\/\/www.mladibl.com\/wp-content\/uploads\/2021\/06\/Najava-dogadaja_-Konferencija-Snaga-lokalnog-kao-faktor-razvoja-lokalne-zajednice.jpg","amp_enabled":true,"_links":{"self":[{"href":"https:\/\/www.mladibl.com\/index.php?rest_route=\/wp\/v2\/posts\/10304","targetHints":{"allow":["GET"]}}],"collection":[{"href":"https:\/\/www.mladibl.com\/index.php?rest_route=\/wp\/v2\/posts"}],"about":[{"href":"https:\/\/www.mladibl.com\/index.php?rest_route=\/wp\/v2\/types\/post"}],"author":[{"embeddable":true,"href":"https:\/\/www.mladibl.com\/index.php?rest_route=\/wp\/v2\/users\/4"}],"replies":[{"embeddable":true,"href":"https:\/\/www.mladibl.com\/index.php?rest_route=%2Fwp%2Fv2%2Fcomments&post=10304"}],"version-history":[{"count":1,"href":"https:\/\/www.mladibl.com\/index.php?rest_route=\/wp\/v2\/posts\/10304\/revisions"}],"predecessor-version":[{"id":10305,"href":"https:\/\/www.mladibl.com\/index.php?rest_route=\/wp\/v2\/posts\/10304\/revisions\/10305"}],"wp:featuredmedia":[{"embeddable":true,"href":"https:\/\/www.mladibl.com\/index.php?rest_route=\/wp\/v2\/media\/10290"}],"wp:attachment":[{"href":"https:\/\/www.mladibl.com\/index.php?rest_route=%2Fwp%2Fv2%2Fmedia&parent=10304"}],"wp:term":[{"taxonomy":"category","embeddable":true,"href":"https:\/\/www.mladibl.com\/index.php?rest_route=%2Fwp%2Fv2%2Fcategories&post=10304"},{"taxonomy":"post_tag","embeddable":true,"href":"https:\/\/www.mladibl.com\/index.php?rest_route=%2Fwp%2Fv2%2Ftags&post=10304"}],"curies":[{"name":"wp","href":"https:\/\/api.w.org\/{rel}","templated":true}]}}