{"id":10302,"date":"2021-06-19T08:27:00","date_gmt":"2021-06-19T06:27:00","guid":{"rendered":"https:\/\/www.mladibl.com\/?p=10302"},"modified":"2021-06-19T08:27:02","modified_gmt":"2021-06-19T06:27:02","slug":"raspored-predstava-xxiii-teatar-fest-petar-kocic-2021","status":"publish","type":"post","link":"https:\/\/www.mladibl.com\/?p=10302","title":{"rendered":"Raspored predstava\/XXIII Teatar fest \u201ePetar Ko\u010di\u0107\u201d 2021"},"content":{"rendered":"\n<p>Narodno pozori\u0161te Republike Srpske s velikim zadovoljstvom obavje\u0161tava javnost i cijenjenu publiku da \u0107e XXIII Teatar fest \u201ePetar Ko\u010di\u0107\u201d 2021 biti odr\u017ean od 4. do 10. jula 2021. godine. Ulaznice su pu\u0161tene u prodaju, a radno vrijeme biletarnice je od 13 do 20 \u010dasova svakim radnim danom i subotom od 17 do 20 \u010dasova .<\/p>\n\n\n\n<p>Sve predstave po\u010dinju u 20 \u010dasova.<br>Publika \u0107e imati priliku da pogleda sljede\u0107e predstave:<br>4. 7. nedjelja \u2013 Genetika Glembajevih, Narodno pozori\u0161te Republike Srpske \u2013 otvaranje Festivala<br>5. 7 . ponedjeljak\u2013 Balkanski \u0161pijun, Narodno pozori\u0161te u Beogradu<br>6. 7. utorak \u2013 Pukovnik Ptica, Gradsko pozori\u0161te Podgorica<br>7. 7. srijeda \u2013 Kreketanje, Narodno pozori\u0161te Tuzla<br>8. 7. \u010detvrtak \u2013 Ko je ubio D\u017eenis D\u017eoplin, Srpsko narodno pozori\u0161te Novi Sad i Omladinska prestonica Evrope Novi Sad (OPENS)<br>9. 7. petak \u2013 Osama \u2013 Kasaba u Njujorku, Zvezdara teatar<br>10. 7. subota \u2013 Ana Karenjina, Novosadsko pozori\u0161te (Ujvideki szinhaz) \u2013 zatvaranje Festivala<br>Dobro do\u0161li na HHIII Teatar fest \u201ePetar Ko\u010di\u0107\u201d 2021!<\/p>\n\n\n\n<p>Preuzeto sa: <a href=\"https:\/\/blmojgrad.com\/raspored-predstava-xxiii-teatar-fest-petar-kocic-2021\/\" target=\"_blank\" rel=\"noreferrer noopener\">blmojgrad.com <\/a><\/p>\n","protected":false},"excerpt":{"rendered":"<p>Narodno pozori\u0161te Republike Srpske s velikim zadovoljstvom obavje\u0161tava javnost i cijenjenu publiku da \u0107e XXIII Teatar fest \u201ePetar Ko\u010di\u0107\u201d 2021<\/p>\n","protected":false},"author":4,"featured_media":10291,"comment_status":"closed","ping_status":"open","sticky":false,"template":"","format":"standard","meta":{"om_disable_all_campaigns":false,"_monsterinsights_skip_tracking":false,"_monsterinsights_sitenote_active":false,"_monsterinsights_sitenote_note":"","_monsterinsights_sitenote_category":0,"footnotes":""},"categories":[6],"tags":[1083,5314,5312,5313],"class_list":["post-10302","post","type-post","status-publish","format-standard","has-post-thumbnail","hentry","category-dogadjaji","tag-narodno-pozoriste","tag-petar-kocic","tag-raspored-predstava","tag-teatar-fest"],"jetpack_featured_media_url":"https:\/\/www.mladibl.com\/wp-content\/uploads\/2021\/06\/Raspored-predstava_XXIII-Teatar-fest-\u201ePetar-Kocic-2021.jpg","amp_enabled":true,"_links":{"self":[{"href":"https:\/\/www.mladibl.com\/index.php?rest_route=\/wp\/v2\/posts\/10302","targetHints":{"allow":["GET"]}}],"collection":[{"href":"https:\/\/www.mladibl.com\/index.php?rest_route=\/wp\/v2\/posts"}],"about":[{"href":"https:\/\/www.mladibl.com\/index.php?rest_route=\/wp\/v2\/types\/post"}],"author":[{"embeddable":true,"href":"https:\/\/www.mladibl.com\/index.php?rest_route=\/wp\/v2\/users\/4"}],"replies":[{"embeddable":true,"href":"https:\/\/www.mladibl.com\/index.php?rest_route=%2Fwp%2Fv2%2Fcomments&post=10302"}],"version-history":[{"count":1,"href":"https:\/\/www.mladibl.com\/index.php?rest_route=\/wp\/v2\/posts\/10302\/revisions"}],"predecessor-version":[{"id":10303,"href":"https:\/\/www.mladibl.com\/index.php?rest_route=\/wp\/v2\/posts\/10302\/revisions\/10303"}],"wp:featuredmedia":[{"embeddable":true,"href":"https:\/\/www.mladibl.com\/index.php?rest_route=\/wp\/v2\/media\/10291"}],"wp:attachment":[{"href":"https:\/\/www.mladibl.com\/index.php?rest_route=%2Fwp%2Fv2%2Fmedia&parent=10302"}],"wp:term":[{"taxonomy":"category","embeddable":true,"href":"https:\/\/www.mladibl.com\/index.php?rest_route=%2Fwp%2Fv2%2Fcategories&post=10302"},{"taxonomy":"post_tag","embeddable":true,"href":"https:\/\/www.mladibl.com\/index.php?rest_route=%2Fwp%2Fv2%2Ftags&post=10302"}],"curies":[{"name":"wp","href":"https:\/\/api.w.org\/{rel}","templated":true}]}}