{"id":10273,"date":"2021-06-18T09:43:37","date_gmt":"2021-06-18T07:43:37","guid":{"rendered":"https:\/\/www.mladibl.com\/?p=10273"},"modified":"2021-06-18T10:42:05","modified_gmt":"2021-06-18T08:42:05","slug":"poezija-petkom-dragana-despic-2","status":"publish","type":"post","link":"https:\/\/www.mladibl.com\/?p=10273","title":{"rendered":"Poezija petkom: Dragana Despi\u0107"},"content":{"rendered":"\n<p><\/p>\n\n\n\n<p>Dragana Despi\u0107 ro\u0111ena je 23. juna 1997. godine u Banjoj Luci. Osnovnu \u0161kolu i gimnaziju zavr\u0161ila je u Tesli\u0107u. Diplomirala je na Fakultetu politi\u010dkih nauka Univerziteta u Banjoj Luci, na odsjeku za sociologiju. Trenutno poha\u0111a master studije na Fakultetu organizacionih nauka Univerziteta u Beogradu na studijskom programu Menad\u017ement ljudskih resursa i na Fakultetu politi\u010dkih nauka Univerziteta u Banjoj Luci na studijskom programu Sociologija. Du\u017ei niz godina aktivna je u kulturno-umjetni\u010dkom radu i stvaranju, kao i u nevladinom sektoru. Objavila je dvije zbirke poezije \u201eKorakom do stiha\u201c (2017) i \u201eTi\u0161ine glasa\u201c (2020). Tako\u0111e, pjesme je objavljivala i u zajedni\u010dkim zbornicima i knji\u017eevno-umjetni\u010dkim \u010dasopisima. Neki od njenih stihova prevedeni su na ruski jezik i bili pro\u010ditani na Festivalu nacionalnih kultura na Lingvisti\u010dkom fakultetu u Moskvi. U\u010desnica je brojnih seminara, obuka i edukacija.<\/p>\n\n\n\n<figure class=\"wp-block-image size-large\"><img loading=\"lazy\" decoding=\"async\" width=\"1024\" height=\"768\" src=\"https:\/\/www.mladibl.com\/wp-content\/uploads\/2021\/06\/viber_slika_2021-06-17_19-19-34-1-1024x768.jpg\" alt=\"\" class=\"wp-image-10279\" srcset=\"https:\/\/www.mladibl.com\/wp-content\/uploads\/2021\/06\/viber_slika_2021-06-17_19-19-34-1-1024x768.jpg 1024w, https:\/\/www.mladibl.com\/wp-content\/uploads\/2021\/06\/viber_slika_2021-06-17_19-19-34-1-300x225.jpg 300w, https:\/\/www.mladibl.com\/wp-content\/uploads\/2021\/06\/viber_slika_2021-06-17_19-19-34-1-768x576.jpg 768w, https:\/\/www.mladibl.com\/wp-content\/uploads\/2021\/06\/viber_slika_2021-06-17_19-19-34-1-1536x1152.jpg 1536w, https:\/\/www.mladibl.com\/wp-content\/uploads\/2021\/06\/viber_slika_2021-06-17_19-19-34-1.jpg 1600w\" sizes=\"auto, (max-width: 1024px) 100vw, 1024px\" \/><\/figure>\n\n\n\n<p>Na Me\u0111unarodnom konkursu za knji\u017eevno priznanje i nagradu \u201ePjesma godine\u201c Balkana i Evropske Unije &#8211; Ljubljana 2021 u konkurenciji od 157 pristiglih prijava autora iz 11 dr\u017eava: Slovenije, Srbije, Bosne i Hercegovine, Hrvatske, Makedonije, Crne Gore, NJema\u010dke, Kanade, \u0160vedske, Ruske Federacije i Austrije, mlada pjesnikinja Dragana Despi\u0107 sa svojom pjesmom \u201eAko odem\u201c osvojila je prvo mjesto.<\/p>\n\n\n\n<p>AKO ODEM<\/p>\n\n\n\n<p>Ako odem prije rujnih zora \u0161to kite dan<br>utabanim putem kojim svi \u0107e pro\u0107i,<br>ti spavaj, ne, ne prekidaj san,<br>jer ba\u0161 u njega nasmijana \u0107u ti do\u0107i.<\/p>\n\n\n\n<p>Ako odem prije ve\u010dernjeg poljupca<br>za odlaskom mojim zaplaka\u0107e svi,<br>i pjesma moja \u0107e da zagrca,<br>ali nemoj molim te plakati ti.<\/p>\n\n\n\n<p>Tvoje mile crne o\u010di ne smiju da pla\u010du,<br>jer ne volim kada si tu\u017ean<br>zabi\u017eelji\u0107u o\u0161tricom sli\u010dnoj ko na ma\u010du<br>da si svojoj vje\u010dnosti pjesmi ostao du\u017ean.<\/p>\n\n\n\n<p>A dug svoj \u0107e\u0161 vratiti poljupcem u svije\u0107u<br>zapaljenju u plamenu sli\u010dnome mome<br>\u0161to je cijelim bi\u0107em gorio za sre\u0107u,<br>ispisanoj u sje\u0107anju sad u srcu tvome.<\/p>\n\n\n\n<p>Ako odem prije mraka<br>plaka\u0107e ptice, ti\u0161ine i dragi ljudi svi,<br>a ja, ja te gledam kri\u0161om sa nebeskog sokaka,<br>i zato molim te nemoj mi plakati ti,<br>samo mi mahni dok odlazim\u2026<\/p>\n\n\n\n<p><em>Pripremila: Nata\u0161a Gavur<\/em><\/p>\n\n\n\n<p><\/p>\n","protected":false},"excerpt":{"rendered":"<p>Dragana Despi\u0107 ro\u0111ena je 23. juna 1997. godine u Banjoj Luci. Osnovnu \u0161kolu i gimnaziju zavr\u0161ila je u Tesli\u0107u. Diplomirala<\/p>\n","protected":false},"author":4,"featured_media":10242,"comment_status":"closed","ping_status":"open","sticky":false,"template":"","format":"standard","meta":{"om_disable_all_campaigns":false,"_monsterinsights_skip_tracking":false,"_monsterinsights_sitenote_active":false,"_monsterinsights_sitenote_note":"","_monsterinsights_sitenote_category":0,"footnotes":""},"categories":[3652],"tags":[3778,3653],"class_list":["post-10273","post","type-post","status-publish","format-standard","has-post-thumbnail","hentry","category-poezijapetkom","tag-dragana-despic","tag-poezija-petkom"],"jetpack_featured_media_url":"https:\/\/www.mladibl.com\/wp-content\/uploads\/2021\/06\/Poezija-petkom-Dragana-Despic.jpg","amp_enabled":true,"_links":{"self":[{"href":"https:\/\/www.mladibl.com\/index.php?rest_route=\/wp\/v2\/posts\/10273","targetHints":{"allow":["GET"]}}],"collection":[{"href":"https:\/\/www.mladibl.com\/index.php?rest_route=\/wp\/v2\/posts"}],"about":[{"href":"https:\/\/www.mladibl.com\/index.php?rest_route=\/wp\/v2\/types\/post"}],"author":[{"embeddable":true,"href":"https:\/\/www.mladibl.com\/index.php?rest_route=\/wp\/v2\/users\/4"}],"replies":[{"embeddable":true,"href":"https:\/\/www.mladibl.com\/index.php?rest_route=%2Fwp%2Fv2%2Fcomments&post=10273"}],"version-history":[{"count":3,"href":"https:\/\/www.mladibl.com\/index.php?rest_route=\/wp\/v2\/posts\/10273\/revisions"}],"predecessor-version":[{"id":10280,"href":"https:\/\/www.mladibl.com\/index.php?rest_route=\/wp\/v2\/posts\/10273\/revisions\/10280"}],"wp:featuredmedia":[{"embeddable":true,"href":"https:\/\/www.mladibl.com\/index.php?rest_route=\/wp\/v2\/media\/10242"}],"wp:attachment":[{"href":"https:\/\/www.mladibl.com\/index.php?rest_route=%2Fwp%2Fv2%2Fmedia&parent=10273"}],"wp:term":[{"taxonomy":"category","embeddable":true,"href":"https:\/\/www.mladibl.com\/index.php?rest_route=%2Fwp%2Fv2%2Fcategories&post=10273"},{"taxonomy":"post_tag","embeddable":true,"href":"https:\/\/www.mladibl.com\/index.php?rest_route=%2Fwp%2Fv2%2Ftags&post=10273"}],"curies":[{"name":"wp","href":"https:\/\/api.w.org\/{rel}","templated":true}]}}