{"id":10255,"date":"2021-06-18T08:19:34","date_gmt":"2021-06-18T06:19:34","guid":{"rendered":"https:\/\/www.mladibl.com\/?p=10255"},"modified":"2021-06-18T08:19:35","modified_gmt":"2021-06-18T06:19:35","slug":"evropski-festival-trzalackih-instrumenata-vece-uz-tamburu-2021","status":"publish","type":"post","link":"https:\/\/www.mladibl.com\/?p=10255","title":{"rendered":"Evropski festival trzala\u010dkih instrumenata \u201eVe\u010de uz tamburu 2021\u201c"},"content":{"rendered":"\n<p>Tokom predstoje\u0107eg vikenda u periodu od 18. do 20. juna u na\u0161em gradu odr\u017ea\u0107e se 20. jubilarni Evropski festival trzala\u010dkih instrumenata \u201eVe\u010de uz tamburu 2021\u201c.<\/p>\n\n\n\n<p>Festival je trebalo da bude odr\u017ean ranije, ali je pomjeran zbog epidemiolo\u0161ke situacije, te je iz istih razloga odlu\u010deno da se odr\u017ei na otvorenom prostoru, u Parku \u201eMladen Stojanovi\u0107\u201c, \u010dime bi se znatno smanjila mogu\u0107nost \u0161irenja korona virusa me\u0111u publikom.<\/p>\n\n\n\n<p>Imaju\u0107i u vidu da Gradski tambura\u0161ki orkestar ove godine proslavlja i<a href=\"https:\/\/www.banjaluka.rs.ba\/svecanim-koncertom-gradski-tamburasi-proslavljaju-jubilej\/\" target=\"_blank\" rel=\"noreferrer noopener\">\u00a020 godina postojanja<\/a>, repriza godi\u0161njeg koncerta, planirana za 18. juni, zapravo \u0107e biti i prvo festivalsko ve\u010de Evropskog festivala trzala\u010dkih instrumenata \u201eVe\u010de uz tamburu 2021\u201c, koje \u0107e biti odr\u017eano u Banskom dvoru.<\/p>\n\n\n\n<p>Program ovogodi\u0161njeg festivala:<\/p>\n\n\n\n<ul class=\"wp-block-list\"><li>Petak, 18. juni, KC Banski dvor, 20:00 \u010dasova<\/li><\/ul>\n\n\n\n<p>Gradski tambura\u0161ki orkestar Banjaluka<\/p>\n\n\n\n<ul class=\"wp-block-list\"><li>Subota, 19. juni, Park \u201eMladen Stojanovi\u0107\u201c, 19:00 \u010dasova<\/li><\/ul>\n\n\n\n<p>Orkestar Tambura\u0161ke \u0161kole \u201eBatorek\u201c iz Osijeka<\/p>\n\n\n\n<p>Tambura\u0161ki orkestar \u201eNeolit\u201c iz Pan\u010deva<\/p>\n\n\n\n<ul class=\"wp-block-list\"><li>Nedjelja, 20. juni, Park \u201eMladen Stojanovi\u0107\u201c, u 19:00 \u010dasova<\/li><\/ul>\n\n\n\n<p>Tambura\u0161ki sastav \u201ePrijatelji tambure\u201c iz Biha\u0107a<\/p>\n\n\n\n<p>Gradski tambura\u0161ki orkestar Pljevlja<\/p>\n\n\n\n<p>Grad Banja Luka podr\u017eao je ovaj festival kroz Kalendar kulturnih manifestacija.<\/p>\n\n\n\n<p>Preuzeto sa: <a href=\"https:\/\/www.banjaluka.rs.ba\/evropski-festival-trzalackih-instrumenata-vece-uz-tamburu\/\" target=\"_blank\" rel=\"noreferrer noopener\">Grad Banja Luka <\/a><\/p>\n","protected":false},"excerpt":{"rendered":"<p>Tokom predstoje\u0107eg vikenda u periodu od 18. do 20. juna u na\u0161em gradu odr\u017ea\u0107e se 20. jubilarni Evropski festival trzala\u010dkih<\/p>\n","protected":false},"author":4,"featured_media":10251,"comment_status":"closed","ping_status":"open","sticky":false,"template":"","format":"standard","meta":{"om_disable_all_campaigns":false,"_monsterinsights_skip_tracking":false,"_monsterinsights_sitenote_active":false,"_monsterinsights_sitenote_note":"","_monsterinsights_sitenote_category":0,"footnotes":""},"categories":[2],"tags":[881,5290,5291],"class_list":["post-10255","post","type-post","status-publish","format-standard","has-post-thumbnail","hentry","category-vijesti","tag-banski-dvor","tag-evropski-festival","tag-vece-uz-tamburu"],"jetpack_featured_media_url":"https:\/\/www.mladibl.com\/wp-content\/uploads\/2021\/06\/Evropski-festival-trzalackih-instrumenata-\u201eVece-uz-tamburu-2021.jpg","amp_enabled":true,"_links":{"self":[{"href":"https:\/\/www.mladibl.com\/index.php?rest_route=\/wp\/v2\/posts\/10255","targetHints":{"allow":["GET"]}}],"collection":[{"href":"https:\/\/www.mladibl.com\/index.php?rest_route=\/wp\/v2\/posts"}],"about":[{"href":"https:\/\/www.mladibl.com\/index.php?rest_route=\/wp\/v2\/types\/post"}],"author":[{"embeddable":true,"href":"https:\/\/www.mladibl.com\/index.php?rest_route=\/wp\/v2\/users\/4"}],"replies":[{"embeddable":true,"href":"https:\/\/www.mladibl.com\/index.php?rest_route=%2Fwp%2Fv2%2Fcomments&post=10255"}],"version-history":[{"count":1,"href":"https:\/\/www.mladibl.com\/index.php?rest_route=\/wp\/v2\/posts\/10255\/revisions"}],"predecessor-version":[{"id":10256,"href":"https:\/\/www.mladibl.com\/index.php?rest_route=\/wp\/v2\/posts\/10255\/revisions\/10256"}],"wp:featuredmedia":[{"embeddable":true,"href":"https:\/\/www.mladibl.com\/index.php?rest_route=\/wp\/v2\/media\/10251"}],"wp:attachment":[{"href":"https:\/\/www.mladibl.com\/index.php?rest_route=%2Fwp%2Fv2%2Fmedia&parent=10255"}],"wp:term":[{"taxonomy":"category","embeddable":true,"href":"https:\/\/www.mladibl.com\/index.php?rest_route=%2Fwp%2Fv2%2Fcategories&post=10255"},{"taxonomy":"post_tag","embeddable":true,"href":"https:\/\/www.mladibl.com\/index.php?rest_route=%2Fwp%2Fv2%2Ftags&post=10255"}],"curies":[{"name":"wp","href":"https:\/\/api.w.org\/{rel}","templated":true}]}}