{"id":10207,"date":"2021-06-17T08:40:05","date_gmt":"2021-06-17T06:40:05","guid":{"rendered":"https:\/\/www.mladibl.com\/?p=10207"},"modified":"2021-06-17T08:47:35","modified_gmt":"2021-06-17T06:47:35","slug":"kolektivna-izlozba-likovnih-radova-polaznika-skole-crtanja-i-slikanja-za-djecu","status":"publish","type":"post","link":"https:\/\/www.mladibl.com\/?p=10207","title":{"rendered":"Kolektivna izlo\u017eba likovnih radova polaznika \u0160kole crtanja i slikanja za djecu"},"content":{"rendered":"\n<ul class=\"wp-block-list\"><li><\/li><\/ul>\n\n\n\n<figure class=\"wp-block-image\"><a href=\"https:\/\/blmojgrad.com\/wp-content\/uploads\/2018\/11\/cetkice-boje-slikanje-1.jpg\"><img decoding=\"async\" src=\"https:\/\/blmojgrad.com\/wp-content\/uploads\/2018\/11\/cetkice-boje-slikanje-1.jpg\" alt=\"\" title=\"cetkice-boje-slikanje-1\"\/><\/a><\/figure>\n\n\n\n<p>Kolektivna izlo\u017eba likovnih radova polaznika \u0160kole crtanja i slikanja za djecu sa i bez<br>invaliditeta bi\u0107e otvorena 19. juna (subota) 2021. godine u 12:00 \u010dasova u Kulturnom centru&nbsp;UDAS, ul. Sime Milju\u0161a br.2. Banja Luka.<br>\u0160kolu crtanja i slikanja za djecu sa i bez invaliditeta u prethodnom polugodi\u0161tu koje je trajalo od&nbsp;februara do juna 2021. godine poha\u0111alo je ukupno 30 djece sa i bez invaliditeta uzrasta od 6 do 18&nbsp;godina.<\/p>\n\n\n\n<p>\u010casove crtanja i slikanja za polaznike \u0160kole vodila je Tatjana Ratkovi\u0107 Bosni\u0107, magistar grafike.<\/p>\n\n\n\n<p>Na kolektivnoj izlo\u017ebi \u0107e biti predstavljeni likovni radovi, crte\u017ei polaznika koja su crtali i slikali u&nbsp;proteklih pet mjeseci.&nbsp;O \u0160koli crtanja i slikanja: \u0160kola crtanja i slikanja za djecu sa i bez invaliditeta, po\u010dela je sa&nbsp;realizacijom 2007. godine. \u0160kolu su, pri Kulturnom centru UDAS, u formi pilot projekta, pokrenuli mladi&nbsp;umjetnici sa Akademije likovne umjetnosti Banja Luka. Misija \u0160kole crtanja i slikanja je ostala&nbsp;nepromjenjena sve ove godine a usmjerena je na poticanje uva\u017eavanja razli\u010ditosti, te promociju prava i&nbsp;mogu\u0107nosti djece sa i bez invaliditeta zasnovane na konceptu po\u0161tovanja ljudskih prava.<\/p>\n\n\n\n<p>Cilj na\u0161e&nbsp;\u0160kole jeste da ona bude sigurno mjesto gdje \u0107e mladi polaznici, djeca sa i bez invaliditeta, iskazati&nbsp;svoje umjetni\u010dke i kreativne potencijale uz stru\u010dno vo\u0111stvo posve\u0107enih profesora likovne kulture. \u0160kola&nbsp;daje mogu\u0107nost promocije i predstavlja primjer inkluzivnog pristupa u radu sa djecom sa invaliditetom&nbsp;kao jednog od va\u017enih segmenta u postizanju ravnopravnog odnosa prema djeci sa invaliditetom u na\u0161em dru\u0161tvu. Polaznici \u0160kole kroz razli\u010dite crta\u010dke i slikarske tehnike, stvaraju\u0107i vlastita umjetni\u010dka&nbsp;djela sti\u010du nova znanja kako u oblasti crtanja i slikanja tako i u razumijevanju i prihvatanju koncepta&nbsp;razli\u010ditosti, jednakih mogu\u0107nosti za djecu sa invaliditetom.<\/p>\n\n\n\n<p>\u0160kola je prostor u kojem polaznici svih&nbsp;uzrasta sti\u010du vrijedne \u017eivotne vje\u0161tine, uspostavljaju divna i dugotrajna prijateljstva, grade&nbsp;samopuzdanje i poti\u010du jedni druge u okru\u017eenju uva\u017eavanja i stvaranja.<\/p>\n\n\n\n<p>Preuzeto sa: <a href=\"https:\/\/blmojgrad.com\/kolektivna-izlozba-likovnih-radova-polaznika-skole-crtanja-slikanja-za-djecu-2\/\" target=\"_blank\" rel=\"noreferrer noopener\">blmojgrad.com <\/a><\/p>\n","protected":false},"excerpt":{"rendered":"<p>Kolektivna izlo\u017eba likovnih radova polaznika \u0160kole crtanja i slikanja za djecu sa i bezinvaliditeta bi\u0107e otvorena 19. juna (subota) 2021.<\/p>\n","protected":false},"author":4,"featured_media":10191,"comment_status":"closed","ping_status":"open","sticky":false,"template":"","format":"standard","meta":{"om_disable_all_campaigns":false,"_monsterinsights_skip_tracking":false,"_monsterinsights_sitenote_active":false,"_monsterinsights_sitenote_note":"","_monsterinsights_sitenote_category":0,"footnotes":""},"categories":[6],"tags":[5275,42,5273,5272,3075,531,5274],"class_list":["post-10207","post","type-post","status-publish","format-standard","has-post-thumbnail","hentry","category-dogadjaji","tag-crtanja","tag-djeca","tag-izlozba-2","tag-kolektivna","tag-likovni","tag-radovi","tag-skola-2"],"jetpack_featured_media_url":"https:\/\/www.mladibl.com\/wp-content\/uploads\/2021\/06\/Kolektivna-izlozba-likovnih-radova-polaznika-Skole-crtanja-i-slikanja-za-djecu.jpg","amp_enabled":true,"_links":{"self":[{"href":"https:\/\/www.mladibl.com\/index.php?rest_route=\/wp\/v2\/posts\/10207","targetHints":{"allow":["GET"]}}],"collection":[{"href":"https:\/\/www.mladibl.com\/index.php?rest_route=\/wp\/v2\/posts"}],"about":[{"href":"https:\/\/www.mladibl.com\/index.php?rest_route=\/wp\/v2\/types\/post"}],"author":[{"embeddable":true,"href":"https:\/\/www.mladibl.com\/index.php?rest_route=\/wp\/v2\/users\/4"}],"replies":[{"embeddable":true,"href":"https:\/\/www.mladibl.com\/index.php?rest_route=%2Fwp%2Fv2%2Fcomments&post=10207"}],"version-history":[{"count":2,"href":"https:\/\/www.mladibl.com\/index.php?rest_route=\/wp\/v2\/posts\/10207\/revisions"}],"predecessor-version":[{"id":10209,"href":"https:\/\/www.mladibl.com\/index.php?rest_route=\/wp\/v2\/posts\/10207\/revisions\/10209"}],"wp:featuredmedia":[{"embeddable":true,"href":"https:\/\/www.mladibl.com\/index.php?rest_route=\/wp\/v2\/media\/10191"}],"wp:attachment":[{"href":"https:\/\/www.mladibl.com\/index.php?rest_route=%2Fwp%2Fv2%2Fmedia&parent=10207"}],"wp:term":[{"taxonomy":"category","embeddable":true,"href":"https:\/\/www.mladibl.com\/index.php?rest_route=%2Fwp%2Fv2%2Fcategories&post=10207"},{"taxonomy":"post_tag","embeddable":true,"href":"https:\/\/www.mladibl.com\/index.php?rest_route=%2Fwp%2Fv2%2Ftags&post=10207"}],"curies":[{"name":"wp","href":"https:\/\/api.w.org\/{rel}","templated":true}]}}