{"id":10077,"date":"2021-06-14T09:52:31","date_gmt":"2021-06-14T07:52:31","guid":{"rendered":"https:\/\/www.mladibl.com\/?p=10077"},"modified":"2021-06-14T09:52:32","modified_gmt":"2021-06-14T07:52:32","slug":"predavanje-o-vakcinaciji","status":"publish","type":"post","link":"https:\/\/www.mladibl.com\/?p=10077","title":{"rendered":"Predavanje o vakcinaciji"},"content":{"rendered":"\n<p>Prvo predavanje ministra zdravlja i socijalne za\u0161tite, gospodina Alena \u0160erani\u0107a na temu vakcinacije studenata bi\u0107e odr\u017eano u utorak, 15. juna sa po\u010detkom u 14 \u010dasova.<\/p>\n\n\n\n<p>Na predavanje se pozivaju studenti slede\u0107ih fakulteta: Ma\u0161inski fakultet, Tehnolo\u0161ki fakultet, \u0160umarski fakultet, Pravni fakultet, AGGF, Ekonomski fakultet, Elektrotehni\u010dki fakultet i Medicinski fakultet.<\/p>\n\n\n\n<p>Predavanje za studente ostalih fakulteta bi\u0107e odr\u017eano u \u010detvrtak, 17. juna. Vi\u0161e informacija o drugom predavanju objavi\u0107emo u utorak.<\/p>\n\n\n\n<p>Broj mjesta je ograni\u010den. Obavezno po\u0161tovanje epidemiolo\u0161kih mjera.<\/p>\n\n\n\n<figure class=\"wp-block-image size-large\"><img loading=\"lazy\" decoding=\"async\" width=\"800\" height=\"988\" src=\"http:\/\/www.mladibl.com\/wp-content\/uploads\/2021\/06\/Predavanje-o-vakcinaciji.jpg\" alt=\"\" class=\"wp-image-10078\" srcset=\"https:\/\/www.mladibl.com\/wp-content\/uploads\/2021\/06\/Predavanje-o-vakcinaciji.jpg 800w, https:\/\/www.mladibl.com\/wp-content\/uploads\/2021\/06\/Predavanje-o-vakcinaciji-243x300.jpg 243w, https:\/\/www.mladibl.com\/wp-content\/uploads\/2021\/06\/Predavanje-o-vakcinaciji-768x948.jpg 768w\" sizes=\"auto, (max-width: 800px) 100vw, 800px\" \/><\/figure>\n\n\n\n<p>Preuzeto sa: <a href=\"https:\/\/www.instagram.com\/p\/CQBL7NSBnI4\" target=\"_blank\" rel=\"noreferrer noopener\">Instagram spunibl<\/a><\/p>\n","protected":false},"excerpt":{"rendered":"<p>Prvo predavanje ministra zdravlja i socijalne za\u0161tite, gospodina Alena \u0160erani\u0107a na temu vakcinacije studenata bi\u0107e odr\u017eano u utorak, 15. juna<\/p>\n","protected":false},"author":1,"featured_media":10078,"comment_status":"closed","ping_status":"open","sticky":false,"template":"","format":"standard","meta":{"om_disable_all_campaigns":false,"_monsterinsights_skip_tracking":false,"_monsterinsights_sitenote_active":false,"_monsterinsights_sitenote_note":"","_monsterinsights_sitenote_category":0,"footnotes":""},"categories":[6],"tags":[3317,53,1987,172,2181],"class_list":["post-10077","post","type-post","status-publish","format-standard","has-post-thumbnail","hentry","category-dogadjaji","tag-alen-seranic","tag-banja-luka","tag-predavanje","tag-studentski-parlament","tag-vakcinacija"],"jetpack_featured_media_url":"https:\/\/www.mladibl.com\/wp-content\/uploads\/2021\/06\/Predavanje-o-vakcinaciji.jpg","amp_enabled":true,"_links":{"self":[{"href":"https:\/\/www.mladibl.com\/index.php?rest_route=\/wp\/v2\/posts\/10077","targetHints":{"allow":["GET"]}}],"collection":[{"href":"https:\/\/www.mladibl.com\/index.php?rest_route=\/wp\/v2\/posts"}],"about":[{"href":"https:\/\/www.mladibl.com\/index.php?rest_route=\/wp\/v2\/types\/post"}],"author":[{"embeddable":true,"href":"https:\/\/www.mladibl.com\/index.php?rest_route=\/wp\/v2\/users\/1"}],"replies":[{"embeddable":true,"href":"https:\/\/www.mladibl.com\/index.php?rest_route=%2Fwp%2Fv2%2Fcomments&post=10077"}],"version-history":[{"count":1,"href":"https:\/\/www.mladibl.com\/index.php?rest_route=\/wp\/v2\/posts\/10077\/revisions"}],"predecessor-version":[{"id":10079,"href":"https:\/\/www.mladibl.com\/index.php?rest_route=\/wp\/v2\/posts\/10077\/revisions\/10079"}],"wp:featuredmedia":[{"embeddable":true,"href":"https:\/\/www.mladibl.com\/index.php?rest_route=\/wp\/v2\/media\/10078"}],"wp:attachment":[{"href":"https:\/\/www.mladibl.com\/index.php?rest_route=%2Fwp%2Fv2%2Fmedia&parent=10077"}],"wp:term":[{"taxonomy":"category","embeddable":true,"href":"https:\/\/www.mladibl.com\/index.php?rest_route=%2Fwp%2Fv2%2Fcategories&post=10077"},{"taxonomy":"post_tag","embeddable":true,"href":"https:\/\/www.mladibl.com\/index.php?rest_route=%2Fwp%2Fv2%2Ftags&post=10077"}],"curies":[{"name":"wp","href":"https:\/\/api.w.org\/{rel}","templated":true}]}}