{"id":10034,"date":"2021-06-12T08:36:07","date_gmt":"2021-06-12T06:36:07","guid":{"rendered":"https:\/\/www.mladibl.com\/?p=10034"},"modified":"2021-06-12T08:36:09","modified_gmt":"2021-06-12T06:36:09","slug":"banja-luka-obiljezila-svjetski-dan-dobrovoljnih-davalaca-krvi","status":"publish","type":"post","link":"https:\/\/www.mladibl.com\/?p=10034","title":{"rendered":"Banja Luka obilje\u017eila Svjetski dan dobrovoljnih davalaca krvi"},"content":{"rendered":"\n<p>Banja Luka je doma\u0107in i organizator ovogodi\u0161njeg obilje\u017eavanja Svjetskog dana dobrovoljnih davalaca krvi na nivou Republike Srpske.<\/p>\n\n\n\n<p>Tim povodom su ljekari i \u010dlanovi Udru\u017eenja dobrovoljnih davalaca krvi Grada Banje Luke dijelili letke i razgovarali sa gra\u0111anima kako bi im skrenuli pa\u017enju na va\u017enost davanja krvi kao te\u010dnosti koja se ne mo\u017ee proizvesti na umjetni na\u010din.<\/p>\n\n\n\n<p>Sa gra\u0111anima su na Trgu Krajine bili i ministar zdravlja i socijalne za\u0161tite, Alen \u0160erani\u0107, gradona\u010delnik Banje Luke, Dra\u0161ko Stanivukovi\u0107, predsjednik banjalu\u010dke Skup\u0161tine Mladen Ili\u0107, direktorica Doma zdravlja Banja Luka Nevena Todorovi\u0107, kao i mnogi ljekari, medicinski radnici i dobrovoljni davaoci krvi.<\/p>\n\n\n\n<p>Ministar \u0160erani\u0107 je svim dobrovoljnim davaocima krvi \u010destitao ovaj dan, te poru\u010dio da je i sam redovan davalac krvi.<\/p>\n\n\n\n<p>\u2013 Zavod za transfuziju je u\u010dinio mnogo u posljednje dve, tri godine, te se u nau\u010dnom i stru\u010dnom smislu postavio na jednu vi\u0161u stepenicu. Pored onoga \u0161to prikupljanje i distribucija krvi sami po sebi zna\u010de, imamo mogu\u0107nost da pravimo i razli\u010dite vrste pripravaka od krvi koji u terapijskom i dijagnosti\u010dkom smislu mnogo zna\u010de. Na\u017ealost, pandemija je doprinijela manjem broju doza krvi nego \u0161to je uobi\u010dajeno, ali na sre\u0107u to nije uticalo na pru\u017eanje redovne zdravstvene za\u0161tite \u2013 poru\u010dio je ministar.<\/p>\n\n\n\n<p>Ministar je dodao da je pred svima nama zadatak da pove\u0107amo broj davalaca ove dragocjene te\u010dnosti, koja \u017eivot zna\u010di, te da i osobe koje su primile vakcinu, nakon nekoliko dana, mogu biti davaoci krvi, u zavisnosti od primljene doze.<\/p>\n\n\n\n<p>Gradona\u010delnik Dra\u0161ko Stanivukovi\u0107 poru\u010dio je da se radnici Gradske uprave svake godine tradicionalno pridru\u017euju akciji dobrovoljnog davanja krvi, a ove godine akciji se odazvalo 20 zaposlenih iz vi\u0161e organizacionih jedinica Gradske uprave.<\/p>\n\n\n\n<p>\u2013 Za mene je, kao mladog \u010dovjeka, inspiracija upoznati one koji su vi\u0161e od stotinu puta dali krv, \u0161to u prevodu zna\u010di preko stotinu potencijalno spasenih \u017eivota. Ovo je na\u010din humanog rada i na\u010din da poka\u017eemo solidarnost jedni prema drugima. Danas na Svjetski dan dobrovoljnih davalaca krvi podi\u017eemo svijest o dobrovoljnom davanju krvi, kako bismo shvatili stvarnu va\u017enost ove vrste aktivizma \u2013 poru\u010dio je gradona\u010delnik.<\/p>\n\n\n\n<p>Tokom ugodnog dru\u017eenja sa deset dobrovoljnih davalaca krvi, koji su ovu humanu te\u010dnost donirali preko 100 puta, \u010dlanovi Kabineta gradona\u010delnika su ovim istinskim herojima uru\u010dili simboli\u010dne poklone.<\/p>\n\n\n\n<p>Tako\u0111e, predsjednik Gradske skup\u0161tine Mladen Ili\u0107 ugostio je danas predstavnike Saveza dobrovoljnih davalaca krvi Republike Srpske, predsjednike udru\u017eenja iz cijele Srpske, predstavnike Aktiva dobrovoljnih davalaca krvi Gradske organizacije Crvenog krsta Banja Luka, te predstavnike Crvenog krsta Zve\u010dan sa Kosova i Metohije.<\/p>\n\n\n\n<p>\u2013 Humani doprinos dobrovoljnih davalaca dru\u0161tvu je nemjerljiv jer ovi ljudi svojim nesebi\u010dnim davanjem stvaraju jaku mre\u017eu humanosti stoga svakako zaslu\u017euju ve\u0107u pa\u017enju Grada- poru\u010dio je Ili\u0107 nakon sastanka.<\/p>\n\n\n\n<p>Preuzeto sa: <a href=\"https:\/\/www.banjaluka.rs.ba\/banjaluka-obiljezila-svjetski-dan-dobrovoljnih-davalaca-krvi\/\" target=\"_blank\" rel=\"noreferrer noopener\">Grad Banja Luka<\/a><\/p>\n","protected":false},"excerpt":{"rendered":"<p>Banja Luka je doma\u0107in i organizator ovogodi\u0161njeg obilje\u017eavanja Svjetskog dana dobrovoljnih davalaca krvi na nivou Republike Srpske. Tim povodom su<\/p>\n","protected":false},"author":1,"featured_media":10035,"comment_status":"closed","ping_status":"open","sticky":false,"template":"","format":"standard","meta":{"om_disable_all_campaigns":false,"_monsterinsights_skip_tracking":false,"_monsterinsights_sitenote_active":false,"_monsterinsights_sitenote_note":"","_monsterinsights_sitenote_category":0,"footnotes":""},"categories":[2],"tags":[53,5204,1255,725],"class_list":["post-10034","post","type-post","status-publish","format-standard","has-post-thumbnail","hentry","category-vijesti","tag-banja-luka","tag-dobrovoljni-davaoci-krvi","tag-obiljezavanje","tag-svjetski-dan"],"jetpack_featured_media_url":"https:\/\/www.mladibl.com\/wp-content\/uploads\/2021\/06\/Banja-Luka-obiljezila-Svjetski-dan-dobrovoljnih-davalaca-krvi.jpg","amp_enabled":true,"_links":{"self":[{"href":"https:\/\/www.mladibl.com\/index.php?rest_route=\/wp\/v2\/posts\/10034","targetHints":{"allow":["GET"]}}],"collection":[{"href":"https:\/\/www.mladibl.com\/index.php?rest_route=\/wp\/v2\/posts"}],"about":[{"href":"https:\/\/www.mladibl.com\/index.php?rest_route=\/wp\/v2\/types\/post"}],"author":[{"embeddable":true,"href":"https:\/\/www.mladibl.com\/index.php?rest_route=\/wp\/v2\/users\/1"}],"replies":[{"embeddable":true,"href":"https:\/\/www.mladibl.com\/index.php?rest_route=%2Fwp%2Fv2%2Fcomments&post=10034"}],"version-history":[{"count":1,"href":"https:\/\/www.mladibl.com\/index.php?rest_route=\/wp\/v2\/posts\/10034\/revisions"}],"predecessor-version":[{"id":10036,"href":"https:\/\/www.mladibl.com\/index.php?rest_route=\/wp\/v2\/posts\/10034\/revisions\/10036"}],"wp:featuredmedia":[{"embeddable":true,"href":"https:\/\/www.mladibl.com\/index.php?rest_route=\/wp\/v2\/media\/10035"}],"wp:attachment":[{"href":"https:\/\/www.mladibl.com\/index.php?rest_route=%2Fwp%2Fv2%2Fmedia&parent=10034"}],"wp:term":[{"taxonomy":"category","embeddable":true,"href":"https:\/\/www.mladibl.com\/index.php?rest_route=%2Fwp%2Fv2%2Fcategories&post=10034"},{"taxonomy":"post_tag","embeddable":true,"href":"https:\/\/www.mladibl.com\/index.php?rest_route=%2Fwp%2Fv2%2Ftags&post=10034"}],"curies":[{"name":"wp","href":"https:\/\/api.w.org\/{rel}","templated":true}]}}